{"id":9853,"date":"2021-08-17T11:10:09","date_gmt":"2021-08-17T09:10:09","guid":{"rendered":"https:\/\/www.buecherserien.de\/de\/?p=9853"},"modified":"2021-08-17T11:10:09","modified_gmt":"2021-08-17T09:10:09","slug":"robin-hobb-die-stunde-des-abtruennigen","status":"publish","type":"post","link":"https:\/\/www.buecherserien.de\/de\/robin-hobb-die-stunde-des-abtruennigen\/","title":{"rendered":"Robin Hobb: Die Stunde des Abtr\u00fcnnigen"},"content":{"rendered":"<div id=\"buv\">\n<p>Der Fantasyroman &#8222;Die Stunde des Abtr\u00fcnnigen&#8220; ist der 3. Band der The Soldier Son-Reihe (Nevare) von der Autorin <a title=\"B\u00fccher von Robin Hobb\" href=\"https:\/\/www.buecherserien.de\/robin-hobb\/\">Robin Hobb<\/a>.<\/p>\n<ul>\n<li>Titel bestellen bei:<\/li>\n<li class=\"buv_am\"><a title=\"Amazon.de\" href=\"https:\/\/www.amazon.de\/dp\/345353221X\/ref=nosim?tag=buecherserien-21\">Amazon<\/a><\/li>\n<\/ul>\n<ol>\n<li><strong>Infos \u00fcber das Buch:<\/strong><\/li>\n<li><strong>Serie:<\/strong> The Soldier Son 3<\/li>\n<li><strong>Verlag:<\/strong> Heyne<\/li>\n<li><strong>Seiten:<\/strong> 768<\/li>\n<li><strong>Ver\u00f6ffentlichung:<\/strong> 24.8.2009<\/li>\n<li><strong>Formate:<\/strong> Buch<\/li>\n<li><strong>Buch-ISBN:<\/strong>\u200e\u200e 9783453532212<\/li>\n<\/ol>\n<div class=\"clearfix\"><\/div>\n<div class=\"buech-content-tipps\" id=\"buech-1401350756\"><p>Oder gebraucht suchen bei <a href=\"https:\/\/www.awin1.com\/awclick.php?gid=362166&mid=11364&awinaffid=644643&linkid=2376078&clickref=\">Medimops<\/a>.<\/p><\/div><h2>Inhaltsangabe von &#8222;Die Stunde des Abtr\u00fcnnigen&#8220;:<\/h2>\n<p><img loading=\"lazy\" decoding=\"async\" src=\"https:\/\/www.buecherserien.de\/de\/wp-content\/uploads\/robin-hobb-the-soldier-son-3.jpg\" alt=\"Die Stunde des Abtr\u00fcnnigen von Robin Hobb\" width=\"250\" height=\"400\" \/>Dies ist die wohl dunkelste Stunde des jungen Nevare: Wegen Verbrechen, die er nicht begangen hat, wird er aus dem k\u00f6niglichen Heer versto\u00dfen und zum Tod am Galgen verurteilt. In allerletzter Sekunde gelingt ihm die Flucht, und er muss sich gedem\u00fctigt und verzweifelt in die dunklen W\u00e4lder der Fleck zur\u00fcckziehen. Doch als die Soldaten des K\u00f6nigs das Reich des magischen Volkes bedrohen, ist Nevares Stunde der Rache gekommen&#8230;<\/p>\n<div class=\"clearfix\"><\/div>\n<p id=\"buv_back_single\"><a href=\"https:\/\/www.buecherserien.de\/robin-hobb\/\">Zur\u00fcck zur Autorenseite<\/a><\/p>\n<\/div>","protected":false},"excerpt":{"rendered":"<p>Der Fantasyroman &#8222;Die Stunde des Abtr\u00fcnnigen&#8220; ist der 3. Band der The Soldier Son-Reihe (Nevare) von der Autorin Robin Hobb. Titel bestellen bei: Amazon Infos \u00fcber das Buch: Serie: The Soldier Son 3 Verlag: Heyne Seiten: 768 Ver\u00f6ffentlichung: 24.8.2009 Formate: Buch Buch-ISBN:\u200e\u200e 9783453532212 Inhaltsangabe von &#8222;Die Stunde des Abtr\u00fcnnigen&#8220;: Dies ist die wohl dunkelste Stunde [&hellip;]<\/p>\n","protected":false},"author":2,"featured_media":9854,"comment_status":"open","ping_status":"closed","sticky":false,"template":"","format":"standard","meta":{"_et_pb_use_builder":"","_et_pb_old_content":"","_et_gb_content_width":"","footnotes":""},"categories":[17],"tags":[218],"class_list":["post-9853","post","type-post","status-publish","format-standard","has-post-thumbnail","hentry","category-fantasy","tag-robin-hobb"],"_links":{"self":[{"href":"https:\/\/www.buecherserien.de\/de\/wp-json\/wp\/v2\/posts\/9853","targetHints":{"allow":["GET"]}}],"collection":[{"href":"https:\/\/www.buecherserien.de\/de\/wp-json\/wp\/v2\/posts"}],"about":[{"href":"https:\/\/www.buecherserien.de\/de\/wp-json\/wp\/v2\/types\/post"}],"author":[{"embeddable":true,"href":"https:\/\/www.buecherserien.de\/de\/wp-json\/wp\/v2\/users\/2"}],"replies":[{"embeddable":true,"href":"https:\/\/www.buecherserien.de\/de\/wp-json\/wp\/v2\/comments?post=9853"}],"version-history":[{"count":0,"href":"https:\/\/www.buecherserien.de\/de\/wp-json\/wp\/v2\/posts\/9853\/revisions"}],"wp:featuredmedia":[{"embeddable":true,"href":"https:\/\/www.buecherserien.de\/de\/wp-json\/wp\/v2\/media\/9854"}],"wp:attachment":[{"href":"https:\/\/www.buecherserien.de\/de\/wp-json\/wp\/v2\/media?parent=9853"}],"wp:term":[{"taxonomy":"category","embeddable":true,"href":"https:\/\/www.buecherserien.de\/de\/wp-json\/wp\/v2\/categories?post=9853"},{"taxonomy":"post_tag","embeddable":true,"href":"https:\/\/www.buecherserien.de\/de\/wp-json\/wp\/v2\/tags?post=9853"}],"curies":[{"name":"wp","href":"https:\/\/api.w.org\/{rel}","templated":true}]}}