{"id":9678,"date":"2021-08-13T13:55:04","date_gmt":"2021-08-13T11:55:04","guid":{"rendered":"https:\/\/www.buecherserien.de\/de\/?p=9678"},"modified":"2021-08-13T13:55:04","modified_gmt":"2021-08-13T11:55:04","slug":"laura-kneidl-herz-aus-schatten","status":"publish","type":"post","link":"https:\/\/www.buecherserien.de\/de\/laura-kneidl-herz-aus-schatten\/","title":{"rendered":"Laura Kneidl: Herz aus Schatten"},"content":{"rendered":"<div id=\"buv\">\n<p>Das Young-Adult-Buch &#8222;Herz aus Schatten&#8220; ist eine Fantasyroman von der Autorin <a title=\"B\u00fccher von Laura Kneidl\" href=\"https:\/\/www.buecherserien.de\/laura-kneidl\/\">Laura Kneidl<\/a>.<\/p>\n<ul>\n<li>Titel bestellen bei:<\/li>\n<li class=\"buv_am\"><a title=\"Amazon.de\" href=\"https:\/\/www.amazon.de\/dp\/3551316929\/ref=nosim?tag=buecherserien-21\">Amazon<\/a><\/li>\n<\/ul>\n<ol>\n<li><strong>Infos \u00fcber das Buch:<\/strong><\/li>\n<li><strong>Serie:<\/strong> Keine<\/li>\n<li><strong>Verlag:<\/strong> Carlsen<\/li>\n<li><strong>Seiten:<\/strong> 464<\/li>\n<li><strong>Ver\u00f6ffentlichung:<\/strong> 21.3.2018<\/li>\n<li><strong>Formate:<\/strong> Buch, H\u00f6rbuch<\/li>\n<li><strong>Buch-ISBN:<\/strong>\u200e\u200e 9783551316929<\/li>\n<\/ol>\n<div class=\"clearfix\"><\/div>\n<div class=\"buech-content-tipps\" id=\"buech-1610797424\"><p>Oder gebraucht suchen bei <a href=\"https:\/\/www.awin1.com\/awclick.php?gid=362166&mid=11364&awinaffid=644643&linkid=2376078&clickref=\">Medimops<\/a>.<\/p><\/div><h2>Inhaltsangabe von &#8222;Herz aus Schatten&#8220;:<\/h2>\n<p><img loading=\"lazy\" decoding=\"async\" src=\"https:\/\/www.buecherserien.de\/de\/wp-content\/uploads\/laura-kneidl-1003.jpeg\" alt=\"Herz aus Schatten von Laura Kneidl\" width=\"250\" height=\"400\" \/>\u00bbMit Monstern war es wie mit den Menschen, denen wir in unserem Leben begegneten. Manche von ihnen waren dazu bestimmt, f\u00fcr immer zu bleiben.\u00ab<\/p>\n<p>Seit Jahrhunderten wird die Stadt Praha von dunklen Kreaturen bedroht. Sie lauern in den W\u00e4ldern und gieren nach dem Blut der letzten verbliebenen Menschen. Als B\u00e4ndigerin ist es die Aufgabe der 17-j\u00e4hrigen Kayla, die Stadt vor den Ungeheuern zu sch\u00fctzen. Mit ihren F\u00e4higkeiten gelingt es ihr, einen Schattenwolf zu z\u00e4hmen. Doch dann geschieht das Unfassbare: Der Wolf verwandelt sich in einen jungen Mann. Er kann sich nicht an seine Vergangenheit erinnern und immer wieder kommt seine monstr\u00f6se Seite zum Vorschein \u2026<\/p>\n<div class=\"clearfix\"><\/div>\n<p id=\"buv_back_single\"><a href=\"https:\/\/www.buecherserien.de\/laura-kneidl\/\">Zur\u00fcck zur Autorenseite<\/a><\/p>\n<\/div>","protected":false},"excerpt":{"rendered":"<p>Das Young-Adult-Buch &#8222;Herz aus Schatten&#8220; ist eine Fantasyroman von der Autorin Laura Kneidl. Titel bestellen bei: Amazon Infos \u00fcber das Buch: Serie: Keine Verlag: Carlsen Seiten: 464 Ver\u00f6ffentlichung: 21.3.2018 Formate: Buch, H\u00f6rbuch Buch-ISBN:\u200e\u200e 9783551316929 Inhaltsangabe von &#8222;Herz aus Schatten&#8220;: \u00bbMit Monstern war es wie mit den Menschen, denen wir in unserem Leben begegneten. Manche von [&hellip;]<\/p>\n","protected":false},"author":1,"featured_media":9679,"comment_status":"open","ping_status":"closed","sticky":false,"template":"","format":"standard","meta":{"_et_pb_use_builder":"","_et_pb_old_content":"","_et_gb_content_width":"","footnotes":""},"categories":[17,1],"tags":[214],"class_list":["post-9678","post","type-post","status-publish","format-standard","has-post-thumbnail","hentry","category-fantasy","category-jugendromane","tag-laura-kneidl"],"_links":{"self":[{"href":"https:\/\/www.buecherserien.de\/de\/wp-json\/wp\/v2\/posts\/9678","targetHints":{"allow":["GET"]}}],"collection":[{"href":"https:\/\/www.buecherserien.de\/de\/wp-json\/wp\/v2\/posts"}],"about":[{"href":"https:\/\/www.buecherserien.de\/de\/wp-json\/wp\/v2\/types\/post"}],"author":[{"embeddable":true,"href":"https:\/\/www.buecherserien.de\/de\/wp-json\/wp\/v2\/users\/1"}],"replies":[{"embeddable":true,"href":"https:\/\/www.buecherserien.de\/de\/wp-json\/wp\/v2\/comments?post=9678"}],"version-history":[{"count":0,"href":"https:\/\/www.buecherserien.de\/de\/wp-json\/wp\/v2\/posts\/9678\/revisions"}],"wp:featuredmedia":[{"embeddable":true,"href":"https:\/\/www.buecherserien.de\/de\/wp-json\/wp\/v2\/media\/9679"}],"wp:attachment":[{"href":"https:\/\/www.buecherserien.de\/de\/wp-json\/wp\/v2\/media?parent=9678"}],"wp:term":[{"taxonomy":"category","embeddable":true,"href":"https:\/\/www.buecherserien.de\/de\/wp-json\/wp\/v2\/categories?post=9678"},{"taxonomy":"post_tag","embeddable":true,"href":"https:\/\/www.buecherserien.de\/de\/wp-json\/wp\/v2\/tags?post=9678"}],"curies":[{"name":"wp","href":"https:\/\/api.w.org\/{rel}","templated":true}]}}