{"id":9045,"date":"2021-08-04T12:04:02","date_gmt":"2021-08-04T10:04:02","guid":{"rendered":"https:\/\/www.buecherserien.de\/de\/?p=9045"},"modified":"2021-08-04T12:04:02","modified_gmt":"2021-08-04T10:04:02","slug":"ulrike-renk-die-heilerin","status":"publish","type":"post","link":"https:\/\/www.buecherserien.de\/de\/ulrike-renk-die-heilerin\/","title":{"rendered":"Ulrike Renk: Die Heilerin"},"content":{"rendered":"<div id=\"buv\">\n<p>Das Buch &#8222;Die Heilerin&#8220; ist ein historischer Roman von der Autorin <a title=\"B\u00fccher von Ulrike Renk\" href=\"https:\/\/www.buecherserien.de\/ulrike-renk\/\">Ulrike Renk<\/a>.<\/p>\n<ul>\n<li>Titel bestellen bei:<\/li>\n<li class=\"buv_am\"><a title=\"Amazon.de\" href=\"https:\/\/www.amazon.de\/dp\/B0056H6WMW\/ref=nosim?tag=buecherserien-21\">Amazon<\/a><\/li>\n<li class=\"buv_th\"><a title=\"Thalia.de\" href=\"https:\/\/www.awin1.com\/cread.php?awinmid=14158&amp;awinaffid=644643&amp;ued=https%3A%2F%2Fwww.thalia.de%2Fshop%2Fhome%2Fartikeldetails%2FEAN9783841202147\">Thalia<\/a><\/li>\n<li class=\"buv_hu\"><a title=\"Hugendubel.de\" href=\"https:\/\/clk.tradedoubler.com\/click?p=249407&#038;a=3222251&#038;url=https%3A%2F%2Fwww.hugendubel.de%2Fde%2Fproduct%3Fid%3D9783841202147\">Hugendubel<\/a><\/li>\n<li class=\"buv_eb\"><a title=\"eBook.de\" href=\"https:\/\/clk.tradedoubler.com\/click?p=324630&#038;a=3222251&#038;url=https%3A%2F%2Fwww.ebook.de%2Fde%2Fproduct%3Fid%3D9783841202147\">eBook.de<\/a><\/li>\n<\/ul>\n<ol>\n<li><strong>Infos \u00fcber das Buch:<\/strong><\/li>\n<li><strong>Serie:<\/strong> Keine<\/li>\n<li><strong>Verlag:<\/strong>\u200e Aufbau<\/li>\n<li><strong>Seiten:<\/strong> 619<\/li>\n<li><strong>Ver\u00f6ffentlichung:<\/strong> 11.4.2017<\/li>\n<li><strong>Formate:<\/strong> Buch, eBook<\/li>\n<li><strong>Buch-ISBN:<\/strong>\u200e\u200e 9783746633251<\/li>\n<\/ol>\n<div class=\"clearfix\"><\/div>\n<div class=\"buech-content-tipps\" id=\"buech-906156908\"><p>Oder gebraucht suchen bei <a href=\"https:\/\/www.awin1.com\/awclick.php?gid=362166&mid=11364&awinaffid=644643&linkid=2376078&clickref=\">Medimops<\/a>.<\/p><\/div><h2>Inhaltsangabe von &#8222;Die Heilerin&#8220;:<\/h2>\n<p><img loading=\"lazy\" decoding=\"async\" src=\"https:\/\/www.buecherserien.de\/de\/wp-content\/uploads\/ulrike-renk-1002.jpg\" alt=\"Die Heilerin von Ulrike Renk\" width=\"250\" height=\"400\" \/>Krefeld im 17. Jahrhundert &#8211; F\u00fcr Margaretha und ihre Familie wird das Leben in der Stadt immer schwieriger. Da sie der mennonitischen Glaubensgemeinschaft angeh\u00f6ren, werden sie wiederholt angegriffen. Pl\u00f6tzlich m\u00fcssen sie \u00fcber einen bisher unerh\u00f6rten Plan nachdenken: Sollen sie in die Neue Welt auswandern? Doch kann Margaretha dann auch Hebamme und Heilerin werden wie ihre Mutter? Und was wird aus Jan, dem Jungen, den sie heimlich liebt? <\/p>\n<div class=\"clearfix\"><\/div>\n<p id=\"buv_back_single\"><a href=\"https:\/\/www.buecherserien.de\/ulrike-renk\/\">Zur\u00fcck zur Autorenseite<\/a><\/p>\n<\/div>","protected":false},"excerpt":{"rendered":"<p>Das Buch &#8222;Die Heilerin&#8220; ist ein historischer Roman von der Autorin Ulrike Renk. Titel bestellen bei: Amazon Thalia Hugendubel eBook.de Infos \u00fcber das Buch: Serie: Keine Verlag:\u200e Aufbau Seiten: 619 Ver\u00f6ffentlichung: 11.4.2017 Formate: Buch, eBook Buch-ISBN:\u200e\u200e 9783746633251 Inhaltsangabe von &#8222;Die Heilerin&#8220;: Krefeld im 17. Jahrhundert &#8211; F\u00fcr Margaretha und ihre Familie wird das Leben in [&hellip;]<\/p>\n","protected":false},"author":2,"featured_media":9046,"comment_status":"open","ping_status":"closed","sticky":false,"template":"","format":"standard","meta":{"_et_pb_use_builder":"","_et_pb_old_content":"","_et_gb_content_width":"","footnotes":""},"categories":[20],"tags":[160],"class_list":["post-9045","post","type-post","status-publish","format-standard","has-post-thumbnail","hentry","category-historische-romane","tag-ulrike-renk"],"_links":{"self":[{"href":"https:\/\/www.buecherserien.de\/de\/wp-json\/wp\/v2\/posts\/9045","targetHints":{"allow":["GET"]}}],"collection":[{"href":"https:\/\/www.buecherserien.de\/de\/wp-json\/wp\/v2\/posts"}],"about":[{"href":"https:\/\/www.buecherserien.de\/de\/wp-json\/wp\/v2\/types\/post"}],"author":[{"embeddable":true,"href":"https:\/\/www.buecherserien.de\/de\/wp-json\/wp\/v2\/users\/2"}],"replies":[{"embeddable":true,"href":"https:\/\/www.buecherserien.de\/de\/wp-json\/wp\/v2\/comments?post=9045"}],"version-history":[{"count":0,"href":"https:\/\/www.buecherserien.de\/de\/wp-json\/wp\/v2\/posts\/9045\/revisions"}],"wp:featuredmedia":[{"embeddable":true,"href":"https:\/\/www.buecherserien.de\/de\/wp-json\/wp\/v2\/media\/9046"}],"wp:attachment":[{"href":"https:\/\/www.buecherserien.de\/de\/wp-json\/wp\/v2\/media?parent=9045"}],"wp:term":[{"taxonomy":"category","embeddable":true,"href":"https:\/\/www.buecherserien.de\/de\/wp-json\/wp\/v2\/categories?post=9045"},{"taxonomy":"post_tag","embeddable":true,"href":"https:\/\/www.buecherserien.de\/de\/wp-json\/wp\/v2\/tags?post=9045"}],"curies":[{"name":"wp","href":"https:\/\/api.w.org\/{rel}","templated":true}]}}