{"id":9039,"date":"2021-08-04T11:58:23","date_gmt":"2021-08-04T09:58:23","guid":{"rendered":"https:\/\/www.buecherserien.de\/de\/?p=9039"},"modified":"2021-08-04T11:58:23","modified_gmt":"2021-08-04T09:58:23","slug":"ulrike-renk-toedliches-dinner","status":"publish","type":"post","link":"https:\/\/www.buecherserien.de\/de\/ulrike-renk-toedliches-dinner\/","title":{"rendered":"Ulrike Renk: T\u00f6dliches Dinner"},"content":{"rendered":"<div id=\"buv\">\n<p>Der Kriminalroman &#8222;T\u00f6dliches Dinner&#8220; ist der 2. Band der Katharina Lintfort-Reihe (Niederrhein-Krimis) von der Autorin <a title=\"B\u00fccher von Ulrike Renk\" href=\"https:\/\/www.buecherserien.de\/ulrike-renk\/\">Ulrike Renk<\/a>.<\/p>\n<ul>\n<li>Titel bestellen bei:<\/li>\n<li class=\"buv_am\"><a title=\"Amazon.de\" href=\"https:\/\/www.amazon.de\/dp\/3936783233\/ref=nosim?tag=buecherserien-21\">Amazon<\/a><\/li>\n<\/ul>\n<ol>\n<li><strong>Infos \u00fcber das Buch:<\/strong><\/li>\n<li><strong>Serie:<\/strong> Katharina Lintfort 2<\/li>\n<li><strong>Verlag:<\/strong>\u200e Leda<\/li>\n<li><strong>Seiten:<\/strong> 256<\/li>\n<li><strong>Ver\u00f6ffentlichung:<\/strong> 1.10.2007<\/li>\n<li><strong>Formate:<\/strong> Buch<\/li>\n<li><strong>Buch-ISBN:<\/strong>\u200e\u200e 9783936783230<\/li>\n<\/ol>\n<div class=\"clearfix\"><\/div>\n<div class=\"buech-content-tipps\" id=\"buech-3540520038\"><p>Oder gebraucht suchen bei <a href=\"https:\/\/www.awin1.com\/awclick.php?gid=362166&mid=11364&awinaffid=644643&linkid=2376078&clickref=\">Medimops<\/a>.<\/p><\/div><h2>Inhaltsangabe von &#8222;T\u00f6dliches Dinner&#8220;:<\/h2>\n<p><img loading=\"lazy\" decoding=\"async\" src=\"https:\/\/www.buecherserien.de\/de\/wp-content\/uploads\/ulrike-renk-katharina-lintfort-2.jpg\" alt=\"T\u00f6dliches Dinner von Ulrike Renk\" width=\"250\" height=\"400\" \/>Die passionierte K\u00f6chin Katharina Lintfort will sich nach dem Tod ihres Mannes mit einem Party-Service eine neue Existenz aufbauen. Auch ihr Bistro am Krefelder Gro\u00dfmarkt scheint ganz gut anzulaufen, bis sie und Ihre Tochter in mysteri\u00f6se Vorf\u00e4lle verwickelt werden. Einige ihrer G\u00e4ste sterben oder geraten in Lebensgefahr &#8211; und Freundin Claudia ermittelt mal wieder mit detektivischem Sp\u00fcrsinn und immer am Rande der Legalit\u00e4t. Gemeinsam mit dem befreundeten Rechtsanwalt Dr. Horst Pricken und dessen Freund, dem Bestsellerautor Jan Aerbeck, decken Katharina und Claudia schlie\u00dflich dunkle Machenschaften und Mordf\u00e4lle auf. Ein niederrheinischer Kriminalroman zwischen Kleinstadt-Intrigen und Gro\u00dfstadt-Idylle. Mit professionellen K\u00fcchen-Tipps und Rezepten von Horst Lichter und anderen prominenten K\u00f6chen vom Niederrhein.<\/p>\n<div class=\"clearfix\"><\/div>\n<p id=\"buv_back_single\"><a href=\"https:\/\/www.buecherserien.de\/ulrike-renk\/\">Zur\u00fcck zur Autorenseite<\/a><\/p>\n<\/div>","protected":false},"excerpt":{"rendered":"<p>Der Kriminalroman &#8222;T\u00f6dliches Dinner&#8220; ist der 2. Band der Katharina Lintfort-Reihe (Niederrhein-Krimis) von der Autorin Ulrike Renk. Titel bestellen bei: Amazon Infos \u00fcber das Buch: Serie: Katharina Lintfort 2 Verlag:\u200e Leda Seiten: 256 Ver\u00f6ffentlichung: 1.10.2007 Formate: Buch Buch-ISBN:\u200e\u200e 9783936783230 Inhaltsangabe von &#8222;T\u00f6dliches Dinner&#8220;: Die passionierte K\u00f6chin Katharina Lintfort will sich nach dem Tod ihres Mannes [&hellip;]<\/p>\n","protected":false},"author":2,"featured_media":9040,"comment_status":"open","ping_status":"closed","sticky":false,"template":"","format":"standard","meta":{"_et_pb_use_builder":"","_et_pb_old_content":"","_et_gb_content_width":"","footnotes":""},"categories":[18],"tags":[160],"class_list":["post-9039","post","type-post","status-publish","format-standard","has-post-thumbnail","hentry","category-krimi-thriller","tag-ulrike-renk"],"_links":{"self":[{"href":"https:\/\/www.buecherserien.de\/de\/wp-json\/wp\/v2\/posts\/9039","targetHints":{"allow":["GET"]}}],"collection":[{"href":"https:\/\/www.buecherserien.de\/de\/wp-json\/wp\/v2\/posts"}],"about":[{"href":"https:\/\/www.buecherserien.de\/de\/wp-json\/wp\/v2\/types\/post"}],"author":[{"embeddable":true,"href":"https:\/\/www.buecherserien.de\/de\/wp-json\/wp\/v2\/users\/2"}],"replies":[{"embeddable":true,"href":"https:\/\/www.buecherserien.de\/de\/wp-json\/wp\/v2\/comments?post=9039"}],"version-history":[{"count":0,"href":"https:\/\/www.buecherserien.de\/de\/wp-json\/wp\/v2\/posts\/9039\/revisions"}],"wp:featuredmedia":[{"embeddable":true,"href":"https:\/\/www.buecherserien.de\/de\/wp-json\/wp\/v2\/media\/9040"}],"wp:attachment":[{"href":"https:\/\/www.buecherserien.de\/de\/wp-json\/wp\/v2\/media?parent=9039"}],"wp:term":[{"taxonomy":"category","embeddable":true,"href":"https:\/\/www.buecherserien.de\/de\/wp-json\/wp\/v2\/categories?post=9039"},{"taxonomy":"post_tag","embeddable":true,"href":"https:\/\/www.buecherserien.de\/de\/wp-json\/wp\/v2\/tags?post=9039"}],"curies":[{"name":"wp","href":"https:\/\/api.w.org\/{rel}","templated":true}]}}