{"id":9036,"date":"2021-08-04T11:57:21","date_gmt":"2021-08-04T09:57:21","guid":{"rendered":"https:\/\/www.buecherserien.de\/de\/?p=9036"},"modified":"2021-08-04T11:57:21","modified_gmt":"2021-08-04T09:57:21","slug":"ulrike-renk-killer-kueche-knast","status":"publish","type":"post","link":"https:\/\/www.buecherserien.de\/de\/ulrike-renk-killer-kueche-knast\/","title":{"rendered":"Ulrike Renk: Killer, K\u00fcche, Knast"},"content":{"rendered":"<div id=\"buv\">\n<p>Der Niederrhein-Krimi &#8222;Killer, K\u00fcche, Knast&#8220; ist der 1. Band der Katharina Lintfort-Reihe von der Autorin <a title=\"B\u00fccher von Ulrike Renk\" href=\"https:\/\/www.buecherserien.de\/ulrike-renk\/\">Ulrike Renk<\/a>.<\/p>\n<ul>\n<li>Titel bestellen bei:<\/li>\n<li class=\"buv_am\"><a title=\"Amazon.de\" href=\"https:\/\/www.amazon.de\/dp\/3936783187\/ref=nosim?tag=buecherserien-21\">Amazon<\/a><\/li>\n<\/ul>\n<ol>\n<li><strong>Infos \u00fcber das Buch:<\/strong><\/li>\n<li><strong>Serie:<\/strong> Katharina Lintfort 1<\/li>\n<li><strong>Verlag:<\/strong>\u200e Leda<\/li>\n<li><strong>Seiten:<\/strong> 240<\/li>\n<li><strong>Ver\u00f6ffentlichung:<\/strong> 1.11.2006<\/li>\n<li><strong>Formate:<\/strong> Buch<\/li>\n<li><strong>Buch-ISBN:<\/strong>\u200e\u200e 9783936783186<\/li>\n<\/ol>\n<div class=\"clearfix\"><\/div>\n<div class=\"buech-content-tipps\" id=\"buech-1943358459\"><p>Oder gebraucht suchen bei <a href=\"https:\/\/www.awin1.com\/awclick.php?gid=362166&mid=11364&awinaffid=644643&linkid=2376078&clickref=\">Medimops<\/a>.<\/p><\/div><h2>Inhaltsangabe von &#8222;Killer, K\u00fcche, Knast&#8220;:<\/h2>\n<p><img loading=\"lazy\" decoding=\"async\" src=\"https:\/\/www.buecherserien.de\/de\/wp-content\/uploads\/ulrike-renk-katharina-lintfort-1.jpg\" alt=\"Killer, K\u00fcche, Knast von Ulrike Renk\" width=\"250\" height=\"400\" \/>Die gut situierte Katharina \u00fcberlegt noch, ob sie auf das pl\u00f6tzliche Verschwinden ihres treulosen Ehemannes erleichtert oder verzweifelt reagieren soll, da erf\u00e4hrt sie, dass er ihr Verm\u00f6gen durchgebracht hat. Als sie auch noch in einen Mordfall verwickelt wird, ist es mit dem sorglosen Leben abrupt vorbei. Die passionierte K\u00f6chin versucht mit einem Partyservice den finanziellen Ruin abzuwenden, w\u00e4hrend ihre Freundin Claudia mit detektivischem Sp\u00fcrsinn und immer am Rande der Legalit\u00e4t auf eigene Faust ermittelt. Schlie\u00dflich decken die beiden Frauen ein Netz von Intrigen und kriminellen Machenschaften auf. Eine Niederrheinische Familiengeschichte zwischen Kleinstadt-Idylle und Gro\u00dfstadt-Intrigen.<br \/>\nMit professionellen K\u00fcchen-Tipps und Rezepten von Horst Lichter und prominenten K\u00f6chen vom Niederrhein. .<\/p>\n<div class=\"clearfix\"><\/div>\n<p id=\"buv_back_single\"><a href=\"https:\/\/www.buecherserien.de\/ulrike-renk\/\">Zur\u00fcck zur Autorenseite<\/a><\/p>\n<\/div>","protected":false},"excerpt":{"rendered":"<p>Der Niederrhein-Krimi &#8222;Killer, K\u00fcche, Knast&#8220; ist der 1. Band der Katharina Lintfort-Reihe von der Autorin Ulrike Renk. Titel bestellen bei: Amazon Infos \u00fcber das Buch: Serie: Katharina Lintfort 1 Verlag:\u200e Leda Seiten: 240 Ver\u00f6ffentlichung: 1.11.2006 Formate: Buch Buch-ISBN:\u200e\u200e 9783936783186 Inhaltsangabe von &#8222;Killer, K\u00fcche, Knast&#8220;: Die gut situierte Katharina \u00fcberlegt noch, ob sie auf das pl\u00f6tzliche [&hellip;]<\/p>\n","protected":false},"author":2,"featured_media":9037,"comment_status":"open","ping_status":"closed","sticky":false,"template":"","format":"standard","meta":{"_et_pb_use_builder":"","_et_pb_old_content":"","_et_gb_content_width":"","footnotes":""},"categories":[18],"tags":[160],"class_list":["post-9036","post","type-post","status-publish","format-standard","has-post-thumbnail","hentry","category-krimi-thriller","tag-ulrike-renk"],"_links":{"self":[{"href":"https:\/\/www.buecherserien.de\/de\/wp-json\/wp\/v2\/posts\/9036","targetHints":{"allow":["GET"]}}],"collection":[{"href":"https:\/\/www.buecherserien.de\/de\/wp-json\/wp\/v2\/posts"}],"about":[{"href":"https:\/\/www.buecherserien.de\/de\/wp-json\/wp\/v2\/types\/post"}],"author":[{"embeddable":true,"href":"https:\/\/www.buecherserien.de\/de\/wp-json\/wp\/v2\/users\/2"}],"replies":[{"embeddable":true,"href":"https:\/\/www.buecherserien.de\/de\/wp-json\/wp\/v2\/comments?post=9036"}],"version-history":[{"count":0,"href":"https:\/\/www.buecherserien.de\/de\/wp-json\/wp\/v2\/posts\/9036\/revisions"}],"wp:featuredmedia":[{"embeddable":true,"href":"https:\/\/www.buecherserien.de\/de\/wp-json\/wp\/v2\/media\/9037"}],"wp:attachment":[{"href":"https:\/\/www.buecherserien.de\/de\/wp-json\/wp\/v2\/media?parent=9036"}],"wp:term":[{"taxonomy":"category","embeddable":true,"href":"https:\/\/www.buecherserien.de\/de\/wp-json\/wp\/v2\/categories?post=9036"},{"taxonomy":"post_tag","embeddable":true,"href":"https:\/\/www.buecherserien.de\/de\/wp-json\/wp\/v2\/tags?post=9036"}],"curies":[{"name":"wp","href":"https:\/\/api.w.org\/{rel}","templated":true}]}}