{"id":8976,"date":"2021-08-04T11:45:13","date_gmt":"2021-08-04T09:45:13","guid":{"rendered":"https:\/\/www.buecherserien.de\/de\/?p=8976"},"modified":"2021-08-04T11:45:13","modified_gmt":"2021-08-04T09:45:13","slug":"ulrike-renk-seidenstadtrache","status":"publish","type":"post","link":"https:\/\/www.buecherserien.de\/de\/ulrike-renk-seidenstadtrache\/","title":{"rendered":"Ulrike Renk: Seidenstadtrache"},"content":{"rendered":"<div id=\"buv\">\n<p>Der Kriminalroman &#8222;Seidenstadtrache&#8220; ist der 6. Band der J\u00fcrgen Fischer-Reihe von der Autorin <a title=\"B\u00fccher von Ulrike Renk\" href=\"https:\/\/www.buecherserien.de\/ulrike-renk\/\">Ulrike Renk<\/a>.<\/p>\n<ul>\n<li>Titel bestellen bei:<\/li>\n<li class=\"buv_am\"><a title=\"Amazon.de\" href=\"https:\/\/www.amazon.de\/dp\/B00FFWCPMY\/ref=nosim?tag=buecherserien-21\">Amazon<\/a><\/li>\n<\/ul>\n<ol>\n<li><strong>Infos \u00fcber das Buch:<\/strong><\/li>\n<li><strong>Serie:<\/strong> J\u00fcrgen Fischer 6<\/li>\n<li><strong>Verlag:<\/strong> Emons<\/li>\n<li><strong>Seiten:<\/strong> 224<\/li>\n<li><strong>Ver\u00f6ffentlichung:<\/strong> 26.9.2013<\/li>\n<li><strong>Formate:<\/strong> Buch, eBook<\/li>\n<li><strong>Buch-ISBN:<\/strong>\u200e\u200e 9783954511822<\/li>\n<\/ol>\n<div class=\"clearfix\"><\/div>\n<div class=\"buech-content-tipps\" id=\"buech-3763566539\"><p>Oder gebraucht suchen bei <a href=\"https:\/\/www.awin1.com\/awclick.php?gid=362166&mid=11364&awinaffid=644643&linkid=2376078&clickref=\">Medimops<\/a>.<\/p><\/div><h2>Inhaltsangabe von &#8222;Seidenstadtrache&#8220;:<\/h2>\n<p><img loading=\"lazy\" decoding=\"async\" src=\"https:\/\/www.buecherserien.de\/de\/wp-content\/uploads\/ulrike-renk-juergen-fischer-6.jpg\" alt=\"Seidenstadtrache von Ulrike Renk\" width=\"250\" height=\"400\" \/>Als ein Gel\u00e4ndewagen aus dem Rhein geborgen wird, glaubt das Krefelder KK 11 zun\u00e4chst an einen Unfall. Doch schnell stellt sich herraus, dass der Mann am Steuer keines nat\u00fcrlichen Todes gestorben ist. Ein Akt pers\u00f6nlicher Rache an dem in jeder Hinsicht umtriebigen Gesch\u00e4ftsmann? Hauptkommissar J\u00fcrgen Fischer ermittelt in einem verst\u00f6rend realistischen Fall. Die Suche nach dem Tatmotiv bereitet ihm einige Schwierigkeiten, denn die Spurenlage ist \u00e4u\u00dferst verwirrend, und keine Interpretation \u00fcberzeugt wirklich.<\/p>\n<div class=\"clearfix\"><\/div>\n<p id=\"buv_back_single\"><a href=\"https:\/\/www.buecherserien.de\/ulrike-renk\/\">Zur\u00fcck zur Autorenseite<\/a><\/p>\n<\/div>","protected":false},"excerpt":{"rendered":"<p>Der Kriminalroman &#8222;Seidenstadtrache&#8220; ist der 6. Band der J\u00fcrgen Fischer-Reihe von der Autorin Ulrike Renk. Titel bestellen bei: Amazon Infos \u00fcber das Buch: Serie: J\u00fcrgen Fischer 6 Verlag: Emons Seiten: 224 Ver\u00f6ffentlichung: 26.9.2013 Formate: Buch, eBook Buch-ISBN:\u200e\u200e 9783954511822 Inhaltsangabe von &#8222;Seidenstadtrache&#8220;: Als ein Gel\u00e4ndewagen aus dem Rhein geborgen wird, glaubt das Krefelder KK 11 zun\u00e4chst [&hellip;]<\/p>\n","protected":false},"author":2,"featured_media":8977,"comment_status":"open","ping_status":"closed","sticky":false,"template":"","format":"standard","meta":{"_et_pb_use_builder":"","_et_pb_old_content":"","_et_gb_content_width":"","footnotes":""},"categories":[18],"tags":[160],"class_list":["post-8976","post","type-post","status-publish","format-standard","has-post-thumbnail","hentry","category-krimi-thriller","tag-ulrike-renk"],"_links":{"self":[{"href":"https:\/\/www.buecherserien.de\/de\/wp-json\/wp\/v2\/posts\/8976","targetHints":{"allow":["GET"]}}],"collection":[{"href":"https:\/\/www.buecherserien.de\/de\/wp-json\/wp\/v2\/posts"}],"about":[{"href":"https:\/\/www.buecherserien.de\/de\/wp-json\/wp\/v2\/types\/post"}],"author":[{"embeddable":true,"href":"https:\/\/www.buecherserien.de\/de\/wp-json\/wp\/v2\/users\/2"}],"replies":[{"embeddable":true,"href":"https:\/\/www.buecherserien.de\/de\/wp-json\/wp\/v2\/comments?post=8976"}],"version-history":[{"count":0,"href":"https:\/\/www.buecherserien.de\/de\/wp-json\/wp\/v2\/posts\/8976\/revisions"}],"wp:featuredmedia":[{"embeddable":true,"href":"https:\/\/www.buecherserien.de\/de\/wp-json\/wp\/v2\/media\/8977"}],"wp:attachment":[{"href":"https:\/\/www.buecherserien.de\/de\/wp-json\/wp\/v2\/media?parent=8976"}],"wp:term":[{"taxonomy":"category","embeddable":true,"href":"https:\/\/www.buecherserien.de\/de\/wp-json\/wp\/v2\/categories?post=8976"},{"taxonomy":"post_tag","embeddable":true,"href":"https:\/\/www.buecherserien.de\/de\/wp-json\/wp\/v2\/tags?post=8976"}],"curies":[{"name":"wp","href":"https:\/\/api.w.org\/{rel}","templated":true}]}}