{"id":8355,"date":"2021-07-28T12:01:57","date_gmt":"2021-07-28T10:01:57","guid":{"rendered":"https:\/\/www.buecherserien.de\/de\/?p=8355"},"modified":"2021-07-28T12:01:57","modified_gmt":"2021-07-28T10:01:57","slug":"eva-voeller-der-anfang","status":"publish","type":"post","link":"https:\/\/www.buecherserien.de\/de\/eva-voeller-der-anfang\/","title":{"rendered":"Eva V\u00f6ller: Der Anfang"},"content":{"rendered":"<div id=\"buv\">\n<p>Das Jugendbuch &#8222;Der Anfang&#8220; ist eine Vorgeschichte der Time School-Reihe von der Autorin <a title=\"B\u00fccher von Eva V\u00f6ller\" href=\"https:\/\/www.buecherserien.de\/eva-voeller\/\">Eva V\u00f6ller<\/a>. Dieser Kurzroman spielt zeitlich auch vor den Zeitenzauber-Romanen.<\/p>\n<ul>\n<li>Titel bestellen bei:<\/li>\n<li class=\"buv_am\"><a title=\"Amazon.de\" href=\"https:\/\/www.amazon.de\/dp\/B071X4L536\/ref=nosim?tag=buecherserien-21\">Amazon<\/a><\/li>\n<li class=\"buv_th\"><a title=\"Thalia.de\" href=\"https:\/\/www.awin1.com\/cread.php?awinmid=14158&amp;awinaffid=644643&amp;ued=https%3A%2F%2Fwww.thalia.de%2Fshop%2Fhome%2Fartikeldetails%2FEAN9783732552511\">Thalia<\/a><\/li>\n<li class=\"buv_hu\"><a title=\"Hugendubel.de\" href=\"https:\/\/clk.tradedoubler.com\/click?p=249407&#038;a=3222251&#038;url=https%3A%2F%2Fwww.hugendubel.de%2Fde%2Fproduct%3Fid%3D9783732552511\">Hugendubel<\/a><\/li>\n<li class=\"buv_eb\"><a title=\"eBook.de\" href=\"https:\/\/clk.tradedoubler.com\/click?p=324630&#038;a=3222251&#038;url=https%3A%2F%2Fwww.ebook.de%2Fde%2Fproduct%3Fid%3D9783732552511\">eBook.de<\/a><\/li>\n<\/ul>\n<ol>\n<li><strong>Infos \u00fcber das Buch:<\/strong><\/li>\n<li><strong>Serie:<\/strong> Time School 0.1<\/li>\n<li><strong>Verlag:<\/strong> ONE<\/li>\n<li><strong>Seiten:<\/strong> 83<\/li>\n<li><strong>Ver\u00f6ffentlichung:<\/strong> 23.6.2017<\/li>\n<li><strong>Formate:<\/strong> eBook<\/li>\n<li><strong>Buch-ISBN:<\/strong>\u200e\u200e 9783732552511<\/li>\n<\/ol>\n<div class=\"clearfix\"><\/div>\n<div class=\"buech-content-tipps\" id=\"buech-4174061300\"><p>Oder gebraucht suchen bei <a href=\"https:\/\/www.awin1.com\/awclick.php?gid=362166&mid=11364&awinaffid=644643&linkid=2376078&clickref=\">Medimops<\/a>.<\/p><\/div><h2>Inhaltsangabe von &#8222;Der Anfang&#8220;:<\/h2>\n<p><img loading=\"lazy\" decoding=\"async\" src=\"https:\/\/www.buecherserien.de\/de\/wp-content\/uploads\/eva-voeller-time-school-00.jpg\" alt=\"Der Anfang von Eva V\u00f6ller\" width=\"250\" height=\"400\" \/>Anna und Sebastiano sind zur\u00fcck! Das Traumpaar der Zeitenzauber-Trilogie hat einen k\u00fchnen Plan: eine eigene Zeitreise-Akademie in Venedig, dem Ort, wo das Abenteuer ihrer Liebe begann. Doch das Rekrutieren neuer Sch\u00fcler stellt sich als unerwartet gef\u00e4hrlich heraus. Ihr erster Novize hei\u00dft Ole und ist ein waschechter und ziemlich r\u00fccksichtsloser Wikinger, der v\u00f6llig andere Pl\u00e4ne verfolgt als Anna und Sebastiano. Ehe die beiden sich versehen, stecken sie bis zum Hals in Schwierigkeiten und m\u00fcssen nicht nur um Oles Leben k\u00e4mpfen, sondern auch um ihr eigenes.<\/p>\n<div class=\"clearfix\"><\/div>\n<p id=\"buv_back_single\"><a href=\"https:\/\/www.buecherserien.de\/eva-voeller\/\">Zur\u00fcck zur Autorenseite<\/a><\/p>\n<\/div>","protected":false},"excerpt":{"rendered":"<p>Das Jugendbuch &#8222;Der Anfang&#8220; ist eine Vorgeschichte der Time School-Reihe von der Autorin Eva V\u00f6ller. Dieser Kurzroman spielt zeitlich auch vor den Zeitenzauber-Romanen. Titel bestellen bei: Amazon Thalia Hugendubel eBook.de Infos \u00fcber das Buch: Serie: Time School 0.1 Verlag: ONE Seiten: 83 Ver\u00f6ffentlichung: 23.6.2017 Formate: eBook Buch-ISBN:\u200e\u200e 9783732552511 Inhaltsangabe von &#8222;Der Anfang&#8220;: Anna und Sebastiano [&hellip;]<\/p>\n","protected":false},"author":2,"featured_media":8360,"comment_status":"open","ping_status":"closed","sticky":false,"template":"","format":"standard","meta":{"_et_pb_use_builder":"","_et_pb_old_content":"","_et_gb_content_width":"","footnotes":""},"categories":[1],"tags":[159],"class_list":["post-8355","post","type-post","status-publish","format-standard","has-post-thumbnail","hentry","category-jugendromane","tag-eva-voeller"],"_links":{"self":[{"href":"https:\/\/www.buecherserien.de\/de\/wp-json\/wp\/v2\/posts\/8355","targetHints":{"allow":["GET"]}}],"collection":[{"href":"https:\/\/www.buecherserien.de\/de\/wp-json\/wp\/v2\/posts"}],"about":[{"href":"https:\/\/www.buecherserien.de\/de\/wp-json\/wp\/v2\/types\/post"}],"author":[{"embeddable":true,"href":"https:\/\/www.buecherserien.de\/de\/wp-json\/wp\/v2\/users\/2"}],"replies":[{"embeddable":true,"href":"https:\/\/www.buecherserien.de\/de\/wp-json\/wp\/v2\/comments?post=8355"}],"version-history":[{"count":0,"href":"https:\/\/www.buecherserien.de\/de\/wp-json\/wp\/v2\/posts\/8355\/revisions"}],"wp:featuredmedia":[{"embeddable":true,"href":"https:\/\/www.buecherserien.de\/de\/wp-json\/wp\/v2\/media\/8360"}],"wp:attachment":[{"href":"https:\/\/www.buecherserien.de\/de\/wp-json\/wp\/v2\/media?parent=8355"}],"wp:term":[{"taxonomy":"category","embeddable":true,"href":"https:\/\/www.buecherserien.de\/de\/wp-json\/wp\/v2\/categories?post=8355"},{"taxonomy":"post_tag","embeddable":true,"href":"https:\/\/www.buecherserien.de\/de\/wp-json\/wp\/v2\/tags?post=8355"}],"curies":[{"name":"wp","href":"https:\/\/api.w.org\/{rel}","templated":true}]}}