{"id":6314,"date":"2021-06-29T09:16:19","date_gmt":"2021-06-29T07:16:19","guid":{"rendered":"https:\/\/www.buecherserien.de\/de\/?p=6314"},"modified":"2021-06-29T09:16:19","modified_gmt":"2021-06-29T07:16:19","slug":"andrea-sawatzki-von-erholung-war-nie-die-rede","status":"publish","type":"post","link":"https:\/\/www.buecherserien.de\/de\/andrea-sawatzki-von-erholung-war-nie-die-rede\/","title":{"rendered":"Andrea Sawatzki: Von Erholung war nie die Rede"},"content":{"rendered":"<div id=\"buv\">\n<p>Der Roman &#8222;Von Erholung war nie die Rede&#8220; ist der 2. Band der Bundschuhs-Reihe von der Autorin <a title=\"B\u00fccher von Andrea Sawatzki\" href=\"https:\/\/www.buecherserien.de\/andrea-sawatzki\/\">Andrea Sawatzki<\/a>.<\/p>\n<ul>\n<li>Titel bestellen bei:<\/li>\n<li class=\"buv_am\"><a title=\"Amazon.de\" href=\"https:\/\/www.amazon.de\/dp\/B00KH081RM\/ref=nosim?tag=buecherserien-21\">Amazon<\/a><\/li>\n<li class=\"buv_th\"><a title=\"Thalia.de\" href=\"https:\/\/www.awin1.com\/cread.php?awinmid=14158&amp;awinaffid=644643&amp;ued=https%3A%2F%2Fwww.thalia.de%2Fshop%2Fhome%2Fartikeldetails%2FEAN9783492968195\">Thalia<\/a><\/li>\n<li class=\"buv_hu\"><a title=\"Hugendubel.de\" href=\"https:\/\/clk.tradedoubler.com\/click?p=249407&#038;a=3222251&#038;url=https%3A%2F%2Fwww.hugendubel.de%2Fde%2Fproduct%3Fid%3D9783492968195\">Hugendubel<\/a><\/li>\n<li class=\"buv_eb\"><a title=\"eBook.de\" href=\"https:\/\/clk.tradedoubler.com\/click?p=324630&#038;a=3222251&#038;url=https%3A%2F%2Fwww.ebook.de%2Fde%2Fproduct%3Fid%3D9783492968195\">eBook.de<\/a><\/li>\n<\/ul>\n<ol>\n<li><strong>Infos \u00fcber das Buch:<\/strong><\/li>\n<li><strong>Serie:<\/strong> Bundschuhs 2<\/li>\n<li><strong>Verlag:<\/strong> Piper<\/li>\n<li><strong>Seiten:<\/strong> 272<\/li>\n<li><strong>Ver\u00f6ffentlichung:<\/strong> 11.8.2014<\/li>\n<li><strong>Formate:<\/strong> Buch, eBook, H\u00f6rbuch<\/li>\n<li><strong>Buch-ISBN:<\/strong> 9783492307796<\/li>\n<\/ol>\n<div class=\"clearfix\"><\/div>\n<div class=\"buech-content-tipps\" id=\"buech-768344484\"><p>Oder gebraucht suchen bei <a href=\"https:\/\/www.awin1.com\/awclick.php?gid=362166&mid=11364&awinaffid=644643&linkid=2376078&clickref=\">Medimops<\/a>.<\/p><\/div><h2>Inhaltsangabe von &#8222;Von Erholung war nie die Rede&#8220;:<\/h2>\n<p><img loading=\"lazy\" decoding=\"async\" src=\"https:\/\/www.buecherserien.de\/de\/wp-content\/uploads\/andrea-sawatzki-bundschuhs-2.jpeg\" alt=\"Von Erholung war nie die Rede von Andrea Sawatzki\" width=\"250\" height=\"400\" \/>Im Nachhinein kann man Gundulas Entscheidung, mit ihrer Schwiegermutter Susanne in die Ferien zu fahren, als durchaus leichtsinnig bezeichnen. Aber die Verlockung eines sonnenwarmen, harmonischen Familienurlaubs war st\u00e4rker gewesen als ihre Vernunft. Nach einer alles andere als reibungslosen \u00dcberfahrt blickt sie jetzt zum ersten Mal aus ihrem Hotelzimmerfenster &#8211; in den Regen. Borkum. Was hat sie erwartet? Jedenfalls nicht, dass sie ihr Gep\u00e4ck selbst von der F\u00e4hre hertragen muss. Und schon gar nicht, dass pl\u00f6tzlich auch noch ihre liebeskranke Mutter Ilse in der Lobby steht. Ilses derangierter Zustand aber ist nur ein kleiner Vorgeschmack auf die amour\u00f6sen Schicksalsschl\u00e4ge, die Gundula in diesem Urlaub treffen &#8230;<\/p>\n<div class=\"clearfix\"><\/div>\n<p id=\"buv_back_single\"><a href=\"https:\/\/www.buecherserien.de\/andrea-sawatzki\/\">Zur\u00fcck zur Autorenseite<\/a><\/p>\n<\/div>","protected":false},"excerpt":{"rendered":"<p>Der Roman &#8222;Von Erholung war nie die Rede&#8220; ist der 2. Band der Bundschuhs-Reihe von der Autorin Andrea Sawatzki. Titel bestellen bei: Amazon Thalia Hugendubel eBook.de Infos \u00fcber das Buch: Serie: Bundschuhs 2 Verlag: Piper Seiten: 272 Ver\u00f6ffentlichung: 11.8.2014 Formate: Buch, eBook, H\u00f6rbuch Buch-ISBN: 9783492307796 Inhaltsangabe von &#8222;Von Erholung war nie die Rede&#8220;: Im Nachhinein [&hellip;]<\/p>\n","protected":false},"author":1,"featured_media":6315,"comment_status":"open","ping_status":"closed","sticky":false,"template":"","format":"standard","meta":{"_et_pb_use_builder":"","_et_pb_old_content":"","_et_gb_content_width":"","footnotes":""},"categories":[31],"tags":[132],"class_list":["post-6314","post","type-post","status-publish","format-standard","has-post-thumbnail","hentry","category-zeitgenoessische-literatur","tag-andrea-sawatzki"],"_links":{"self":[{"href":"https:\/\/www.buecherserien.de\/de\/wp-json\/wp\/v2\/posts\/6314","targetHints":{"allow":["GET"]}}],"collection":[{"href":"https:\/\/www.buecherserien.de\/de\/wp-json\/wp\/v2\/posts"}],"about":[{"href":"https:\/\/www.buecherserien.de\/de\/wp-json\/wp\/v2\/types\/post"}],"author":[{"embeddable":true,"href":"https:\/\/www.buecherserien.de\/de\/wp-json\/wp\/v2\/users\/1"}],"replies":[{"embeddable":true,"href":"https:\/\/www.buecherserien.de\/de\/wp-json\/wp\/v2\/comments?post=6314"}],"version-history":[{"count":0,"href":"https:\/\/www.buecherserien.de\/de\/wp-json\/wp\/v2\/posts\/6314\/revisions"}],"wp:featuredmedia":[{"embeddable":true,"href":"https:\/\/www.buecherserien.de\/de\/wp-json\/wp\/v2\/media\/6315"}],"wp:attachment":[{"href":"https:\/\/www.buecherserien.de\/de\/wp-json\/wp\/v2\/media?parent=6314"}],"wp:term":[{"taxonomy":"category","embeddable":true,"href":"https:\/\/www.buecherserien.de\/de\/wp-json\/wp\/v2\/categories?post=6314"},{"taxonomy":"post_tag","embeddable":true,"href":"https:\/\/www.buecherserien.de\/de\/wp-json\/wp\/v2\/tags?post=6314"}],"curies":[{"name":"wp","href":"https:\/\/api.w.org\/{rel}","templated":true}]}}