{"id":5837,"date":"2021-06-25T11:43:58","date_gmt":"2021-06-25T09:43:58","guid":{"rendered":"https:\/\/www.buecherserien.de\/de\/?p=5837"},"modified":"2022-09-11T10:32:47","modified_gmt":"2022-09-11T08:32:47","slug":"j-d-robb-der-tod-ist-mein","status":"publish","type":"post","link":"https:\/\/www.buecherserien.de\/de\/j-d-robb-der-tod-ist-mein\/","title":{"rendered":"J.D. Robb: Der Tod ist mein"},"content":{"rendered":"<div id=\"buv\">\n<p>Der Thriller &#8222;Der Tod ist mein&#8220; ist der 8. Band (9. inkl. Kurzgeschichten) der Eve Dallas-Reihe von der Autorin <a title=\"B\u00fccher von J.D. Robb\" href=\"https:\/\/www.buecherserien.de\/j-d-robb\/\">J.D. Robb<\/a>.<\/p>\n<ul>\n<li>Titel bestellen bei:<\/li>\n<li class=\"buv_am\"><a title=\"Amazon.de\" href=\"https:\/\/www.amazon.de\/dp\/B004OL2C0M\/ref=nosim?tag=buecherserien-21\">Amazon<\/a><\/li>\n<li class=\"buv_th\"><a title=\"Thalia.de\" href=\"https:\/\/www.awin1.com\/cread.php?awinmid=14158&amp;awinaffid=644643&amp;ued=https%3A%2F%2Fwww.thalia.de%2Fshop%2Fhome%2Fartikeldetails%2FEAN9783641040437\">Thalia<\/a><\/li>\n<li class=\"buv_hu\"><a title=\"Hugendubel.de\" href=\"https:\/\/clk.tradedoubler.com\/click?p=249407&#038;a=3222251&#038;url=https%3A%2F%2Fwww.hugendubel.de%2Fde%2Fproduct%3Fid%3D9783641040437\">Hugendubel<\/a><\/li>\n<li class=\"buv_eb\"><a title=\"eBook.de\" href=\"https:\/\/clk.tradedoubler.com\/click?p=324630&#038;a=3222251&#038;url=https%3A%2F%2Fwww.ebook.de%2Fde%2Fproduct%3Fid%3D9783641040437\">eBook.de<\/a><\/li>\n<\/ul>\n<ol>\n<li><strong>Infos \u00fcber das Buch:<\/strong><\/li>\n<li><strong>Serie:<\/strong> Eve Dallas 9<\/li>\n<li><strong>Verlag:<\/strong>\u200e Blanvalet<\/li>\n<li><strong>Seiten:<\/strong> 480<\/li>\n<li><strong>Ver\u00f6ffentlichung:<\/strong> 1.1.2005<\/li>\n<li><strong>Formate:<\/strong> Buch, eBook, H\u00f6rbuch<\/li>\n<li><strong>Buch-ISBN:<\/strong> 9783442360277<\/li>\n<\/ol>\n<div class=\"clearfix\"><\/div>\n<div class=\"buech-content-tipps\" id=\"buech-2787505357\"><p>Oder gebraucht suchen bei <a href=\"https:\/\/www.awin1.com\/awclick.php?gid=362166&mid=11364&awinaffid=644643&linkid=2376078&clickref=\">Medimops<\/a>.<\/p><\/div><h2>Inhaltsangabe von &#8222;Der Tod ist mein&#8220;:<\/h2>\n<p><img loading=\"lazy\" decoding=\"async\" src=\"https:\/\/www.buecherserien.de\/de\/wp-content\/uploads\/j-d-robb-eve-dallas-9.jpg\" alt=\"Der Tod ist mein von J.D. Robb\" width=\"250\" height=\"400\" \/>Er durchstreift die Stra\u00dfen von New York auf der Suche nach den \u00c4rmsten der Armen und t\u00f6tet sie mit der Pr\u00e4zision eines Chirurgen. Seine Opfer: die Obdachlosen am Stra\u00dfenrand. Und immer fehlt den Opfern ein Organ. Selbst eine abgebr\u00fchte Polizistin wie Lieutenant Eve Dallas ist \u00fcber diesen Fall entsetzt. Doch sie ermittelt nach allen Regeln der Kunst, bis mitten in dem hochgef\u00e4hrlichen Katz-und-Maus-Spiel mit dem Killer pl\u00f6tzlich Dallas\u2019 Karriere \u2013 und ihr Leben &#8211; in Gefahr ist\u2026<\/p>\n<div class=\"clearfix\"><\/div>\n<p id=\"buv_back_single\"><a href=\"https:\/\/www.buecherserien.de\/j-d-robb\/\">Zur\u00fcck zur Autorenseite<\/a><\/p>\n<\/div>","protected":false},"excerpt":{"rendered":"<p>Der Thriller &#8222;Der Tod ist mein&#8220; ist der 8. Band (9. inkl. Kurzgeschichten) der Eve Dallas-Reihe von der Autorin J.D. Robb. Titel bestellen bei: Amazon Thalia Hugendubel eBook.de Infos \u00fcber das Buch: Serie: Eve Dallas 9 Verlag:\u200e Blanvalet Seiten: 480 Ver\u00f6ffentlichung: 1.1.2005 Formate: Buch, eBook, H\u00f6rbuch Buch-ISBN: 9783442360277 Inhaltsangabe von &#8222;Der Tod ist mein&#8220;: Er [&hellip;]<\/p>\n","protected":false},"author":2,"featured_media":5838,"comment_status":"open","ping_status":"closed","sticky":false,"template":"","format":"standard","meta":{"_et_pb_use_builder":"","_et_pb_old_content":"","_et_gb_content_width":"","footnotes":""},"categories":[18],"tags":[120],"class_list":["post-5837","post","type-post","status-publish","format-standard","has-post-thumbnail","hentry","category-krimi-thriller","tag-j-d-robb"],"_links":{"self":[{"href":"https:\/\/www.buecherserien.de\/de\/wp-json\/wp\/v2\/posts\/5837","targetHints":{"allow":["GET"]}}],"collection":[{"href":"https:\/\/www.buecherserien.de\/de\/wp-json\/wp\/v2\/posts"}],"about":[{"href":"https:\/\/www.buecherserien.de\/de\/wp-json\/wp\/v2\/types\/post"}],"author":[{"embeddable":true,"href":"https:\/\/www.buecherserien.de\/de\/wp-json\/wp\/v2\/users\/2"}],"replies":[{"embeddable":true,"href":"https:\/\/www.buecherserien.de\/de\/wp-json\/wp\/v2\/comments?post=5837"}],"version-history":[{"count":0,"href":"https:\/\/www.buecherserien.de\/de\/wp-json\/wp\/v2\/posts\/5837\/revisions"}],"wp:featuredmedia":[{"embeddable":true,"href":"https:\/\/www.buecherserien.de\/de\/wp-json\/wp\/v2\/media\/5838"}],"wp:attachment":[{"href":"https:\/\/www.buecherserien.de\/de\/wp-json\/wp\/v2\/media?parent=5837"}],"wp:term":[{"taxonomy":"category","embeddable":true,"href":"https:\/\/www.buecherserien.de\/de\/wp-json\/wp\/v2\/categories?post=5837"},{"taxonomy":"post_tag","embeddable":true,"href":"https:\/\/www.buecherserien.de\/de\/wp-json\/wp\/v2\/tags?post=5837"}],"curies":[{"name":"wp","href":"https:\/\/api.w.org\/{rel}","templated":true}]}}