{"id":5484,"date":"2021-06-18T12:01:48","date_gmt":"2021-06-18T10:01:48","guid":{"rendered":"https:\/\/www.buecherserien.de\/de\/?p=5484"},"modified":"2021-06-18T12:01:48","modified_gmt":"2021-06-18T10:01:48","slug":"j-r-ward-krieger-im-schatten","status":"publish","type":"post","link":"https:\/\/www.buecherserien.de\/de\/j-r-ward-krieger-im-schatten\/","title":{"rendered":"J. R. Ward: Krieger im Schatten"},"content":{"rendered":"<div id=\"buv\">\n<p>Der Fantasyroman &#8222;Krieger im Schatten&#8220; ist der 27. Band der Black-Dagger-Reihe von der Autorin <a title=\"B\u00fccher von J. R. Ward\" href=\"https:\/\/www.buecherserien.de\/j-r-ward\/\">J. R. Ward<\/a>.<\/p>\n<ul>\n<li>Titel bestellen bei:<\/li>\n<li class=\"buv_am\"><a title=\"Amazon.de\" href=\"https:\/\/www.amazon.de\/dp\/B01G1SD6F0\/ref=nosim?tag=buecherserien-21\">Amazon<\/a><\/li>\n<li class=\"buv_th\"><a title=\"Thalia.de\" href=\"https:\/\/www.awin1.com\/cread.php?awinmid=14158&amp;awinaffid=644643&amp;ued=https%3A%2F%2Fwww.thalia.de%2Fshop%2Fhome%2Fartikeldetails%2FEAN9783641187699\">Thalia<\/a><\/li>\n<li class=\"buv_hu\"><a title=\"Hugendubel.de\" href=\"https:\/\/clk.tradedoubler.com\/click?p=249407&#038;a=3222251&#038;url=https%3A%2F%2Fwww.hugendubel.de%2Fde%2Fproduct%3Fid%3D9783641187699\">Hugendubel<\/a><\/li>\n<li class=\"buv_eb\"><a title=\"eBook.de\" href=\"https:\/\/clk.tradedoubler.com\/click?p=324630&#038;a=3222251&#038;url=https%3A%2F%2Fwww.ebook.de%2Fde%2Fproduct%3Fid%3D9783641187699\">eBook.de<\/a><\/li>\n<\/ul>\n<ol>\n<li><strong>Infos \u00fcber das Buch:<\/strong><\/li>\n<li><strong>Serie:<\/strong> Black Dagger 27<\/li>\n<li><strong>Verlag:<\/strong>\u200e Heyne<\/li>\n<li><strong>Seiten:<\/strong> \u200e368<\/li>\n<li><strong>Ver\u00f6ffentlichung:<\/strong> 11.10.2016<\/li>\n<li><strong>Formate:<\/strong> Buch, eBook<\/li>\n<li><strong>Buch-ISBN:<\/strong> 9783453317703<\/li>\n<\/ol>\n<div class=\"clearfix\"><\/div>\n<div class=\"buech-content-tipps\" id=\"buech-3108969867\"><p>Oder gebraucht suchen bei <a href=\"https:\/\/www.awin1.com\/awclick.php?gid=362166&mid=11364&awinaffid=644643&linkid=2376078&clickref=\">Medimops<\/a>.<\/p><\/div><h2>Inhaltsangabe von &#8222;Krieger im Schatten&#8220;:<\/h2>\n<p><img loading=\"lazy\" decoding=\"async\" src=\"https:\/\/www.buecherserien.de\/de\/wp-content\/uploads\/j-r-ward-black-dagger-27.jpg\" alt=\"Krieger im Schatten von J. R. Ward\" width=\"250\" height=\"400\" \/>In der legend\u00e4ren Bruderschaft der BLACK DAGGER ist nichts, wie es einmal war. Um den Krieg gegen die Schatten zu verhindern, mussten alte Allianzen gel\u00f6st und neue geschlossen werden. Doch nun sind die Gegner der Vampire gef\u00e4hrlicher denn je. W\u00e4hrend sich die BLACK DAGGER zum Kampf r\u00fcsten, ahnen sie nicht, dass ein Krieger aus ihrer Mitte mit seinen eigenen D\u00e4monen zu k\u00e4mpfen hat: Rhage. Und pl\u00f6tzlich ist seine leidenschaftliche und tiefe Liebe zu Mary in Gefahr \u2026<\/p>\n<div class=\"clearfix\"><\/div>\n<p id=\"buv_back_single\"><a href=\"https:\/\/www.buecherserien.de\/j-r-ward\/\">Zur\u00fcck zur Autorenseite<\/a><\/p>\n<\/div>","protected":false},"excerpt":{"rendered":"<p>Der Fantasyroman &#8222;Krieger im Schatten&#8220; ist der 27. Band der Black-Dagger-Reihe von der Autorin J. R. Ward. Titel bestellen bei: Amazon Thalia Hugendubel eBook.de Infos \u00fcber das Buch: Serie: Black Dagger 27 Verlag:\u200e Heyne Seiten: \u200e368 Ver\u00f6ffentlichung: 11.10.2016 Formate: Buch, eBook Buch-ISBN: 9783453317703 Inhaltsangabe von &#8222;Krieger im Schatten&#8220;: In der legend\u00e4ren Bruderschaft der BLACK DAGGER [&hellip;]<\/p>\n","protected":false},"author":2,"featured_media":5485,"comment_status":"open","ping_status":"closed","sticky":false,"template":"","format":"standard","meta":{"_et_pb_use_builder":"","_et_pb_old_content":"","_et_gb_content_width":"","footnotes":""},"categories":[17],"tags":[116],"class_list":["post-5484","post","type-post","status-publish","format-standard","has-post-thumbnail","hentry","category-fantasy","tag-j-r-ward"],"_links":{"self":[{"href":"https:\/\/www.buecherserien.de\/de\/wp-json\/wp\/v2\/posts\/5484","targetHints":{"allow":["GET"]}}],"collection":[{"href":"https:\/\/www.buecherserien.de\/de\/wp-json\/wp\/v2\/posts"}],"about":[{"href":"https:\/\/www.buecherserien.de\/de\/wp-json\/wp\/v2\/types\/post"}],"author":[{"embeddable":true,"href":"https:\/\/www.buecherserien.de\/de\/wp-json\/wp\/v2\/users\/2"}],"replies":[{"embeddable":true,"href":"https:\/\/www.buecherserien.de\/de\/wp-json\/wp\/v2\/comments?post=5484"}],"version-history":[{"count":0,"href":"https:\/\/www.buecherserien.de\/de\/wp-json\/wp\/v2\/posts\/5484\/revisions"}],"wp:featuredmedia":[{"embeddable":true,"href":"https:\/\/www.buecherserien.de\/de\/wp-json\/wp\/v2\/media\/5485"}],"wp:attachment":[{"href":"https:\/\/www.buecherserien.de\/de\/wp-json\/wp\/v2\/media?parent=5484"}],"wp:term":[{"taxonomy":"category","embeddable":true,"href":"https:\/\/www.buecherserien.de\/de\/wp-json\/wp\/v2\/categories?post=5484"},{"taxonomy":"post_tag","embeddable":true,"href":"https:\/\/www.buecherserien.de\/de\/wp-json\/wp\/v2\/tags?post=5484"}],"curies":[{"name":"wp","href":"https:\/\/api.w.org\/{rel}","templated":true}]}}