{"id":5012,"date":"2021-06-08T09:00:31","date_gmt":"2021-06-08T07:00:31","guid":{"rendered":"https:\/\/www.buecherserien.de\/de\/?p=5012"},"modified":"2022-08-28T10:11:50","modified_gmt":"2022-08-28T08:11:50","slug":"klaus-peter-wolf-vielleicht-gibts-die-biscaya-gar-nicht","status":"publish","type":"post","link":"https:\/\/www.buecherserien.de\/de\/klaus-peter-wolf-vielleicht-gibts-die-biscaya-gar-nicht\/","title":{"rendered":"Klaus-Peter Wolf: Vielleicht gibt\u00b4s die Biscaya gar nicht"},"content":{"rendered":"<div id=\"buv\">\n<p>Das Buch &#8222;Vielleicht gibt\u00b4s die Biscaya gar nicht&#8220; ist ein Roman von dem Autor <a title=\"B\u00fccher von Klaus-Peter Wolf\" href=\"https:\/\/www.buecherserien.de\/klaus-peter-wolf\/\">Klaus-Peter Wolf<\/a>.<\/p>\n<ul>\n<li>Titel bestellen bei:<\/li>\n<li class=\"buv_am\"><a title=\"Amazon.de\" href=\"https:\/\/www.amazon.de\/dp\/B015EWCU4M\/ref=nosim?tag=buecherserien-21\">Amazon<\/a><\/li>\n<li class=\"buv_th\"><a title=\"Thalia.de\" href=\"https:\/\/www.awin1.com\/cread.php?awinmid=14158&amp;awinaffid=644643&amp;ued=https%3A%2F%2Fwww.thalia.de%2Fshop%2Fhome%2Fartikeldetails%2FEAN9783105603840\">Thalia<\/a><\/li>\n<li class=\"buv_hu\"><a title=\"Hugendubel.de\" href=\"https:\/\/clk.tradedoubler.com\/click?p=249407&#038;a=3222251&#038;url=https%3A%2F%2Fwww.hugendubel.de%2Fde%2Fproduct%3Fid%3D9783105603840\">Hugendubel<\/a><\/li>\n<li class=\"buv_eb\"><a title=\"eBook.de\" href=\"https:\/\/clk.tradedoubler.com\/click?p=324630&#038;a=3222251&#038;url=https%3A%2F%2Fwww.ebook.de%2Fde%2Fproduct%3Fid%3D9783105603840\">eBook.de<\/a><\/li>\n<\/ul>\n<ol>\n<li><strong>Infos \u00fcber das Buch:<\/strong><\/li>\n<li><strong>Serie:<\/strong> Keine<\/li>\n<li><strong>Verlag:<\/strong> FISCHER<\/li>\n<li><strong>Seiten:<\/strong> 308<\/li>\n<li><strong>Ver\u00f6ffentlichung:<\/strong> 15.9.2015<\/li>\n<li><strong>Formate:<\/strong> Buch, eBook<\/li>\n<li><strong>Buch-ISBN:<\/strong> 9783596303823<\/li>\n<\/ol>\n<div class=\"clearfix\"><\/div>\n<div class=\"buech-content-tipps\" id=\"buech-2117209459\"><p>Oder gebraucht suchen bei <a href=\"https:\/\/www.awin1.com\/awclick.php?gid=362166&mid=11364&awinaffid=644643&linkid=2376078&clickref=\">Medimops<\/a>.<\/p><\/div><h2>Inhaltsangabe von &#8222;Vielleicht gibt\u00b4s die Biscaya gar nicht&#8220;:<\/h2>\n<p><img loading=\"lazy\" decoding=\"async\" src=\"https:\/\/www.buecherserien.de\/de\/wp-content\/uploads\/klaus-peter-wolf1012.jpg\" alt=\"Vielleicht gibt\u00b4s die Biscaya gar nicht von Klaus-Peter Wolf\" width=\"250\" height=\"400\" \/>Gisela ist Anfang Vierzig, hat zwei erwachsene S\u00f6hne, einen gutverdienenden Ehemann, ein Eigenheim und einen Zweitwagen. Sie h\u00e4lt sich f\u00fcr rundum gl\u00fccklich und zufrieden, doch eines Abends steigt sie in den Wagen und f\u00e4hrt mit gro\u00dfer Geschwindigkeit ziellos \u00fcber die Autobahn. Sie trifft auf den zwanzig Jahre j\u00fcngeren Tramper Mick. Sein Lebensweg war bestens vorbestimmt. Er hat Abitur gemacht, eine Lehre als Bankkaufmann in Aussicht und eine nette Freundin. Im elterlichen Haus haben beide eine eigene Wohnung und bereiten sich auf das Ehegl\u00fcck vor, da bekommt er pl\u00f6tzlich Angst &#8230;<\/p>\n<p>Auf der Suche nach ihrer Identit\u00e4t klammern sich die beiden aneinander, lieben und schlagen sich, reisen von Hamburg nach Kopenhagen, Istanbul, Monte Carlo &#8230; Doch was sie suchen, finden sie nicht. <\/p>\n<div class=\"clearfix\"><\/div>\n<p id=\"buv_back_single\"><a href=\"https:\/\/www.buecherserien.de\/klaus-peter-wolf\/\">Zur\u00fcck zur Autorenseite<\/a><\/p>\n<\/div>","protected":false},"excerpt":{"rendered":"<p>Das Buch &#8222;Vielleicht gibt\u00b4s die Biscaya gar nicht&#8220; ist ein Roman von dem Autor Klaus-Peter Wolf. Titel bestellen bei: Amazon Thalia Hugendubel eBook.de Infos \u00fcber das Buch: Serie: Keine Verlag: FISCHER Seiten: 308 Ver\u00f6ffentlichung: 15.9.2015 Formate: Buch, eBook Buch-ISBN: 9783596303823 Inhaltsangabe von &#8222;Vielleicht gibt\u00b4s die Biscaya gar nicht&#8220;: Gisela ist Anfang Vierzig, hat zwei erwachsene [&hellip;]<\/p>\n","protected":false},"author":2,"featured_media":5013,"comment_status":"open","ping_status":"closed","sticky":false,"template":"","format":"standard","meta":{"_et_pb_use_builder":"","_et_pb_old_content":"","_et_gb_content_width":"","footnotes":""},"categories":[51],"tags":[104],"class_list":["post-5012","post","type-post","status-publish","format-standard","has-post-thumbnail","hentry","category-erzaehlungen","tag-klaus-peter-wolf"],"_links":{"self":[{"href":"https:\/\/www.buecherserien.de\/de\/wp-json\/wp\/v2\/posts\/5012","targetHints":{"allow":["GET"]}}],"collection":[{"href":"https:\/\/www.buecherserien.de\/de\/wp-json\/wp\/v2\/posts"}],"about":[{"href":"https:\/\/www.buecherserien.de\/de\/wp-json\/wp\/v2\/types\/post"}],"author":[{"embeddable":true,"href":"https:\/\/www.buecherserien.de\/de\/wp-json\/wp\/v2\/users\/2"}],"replies":[{"embeddable":true,"href":"https:\/\/www.buecherserien.de\/de\/wp-json\/wp\/v2\/comments?post=5012"}],"version-history":[{"count":0,"href":"https:\/\/www.buecherserien.de\/de\/wp-json\/wp\/v2\/posts\/5012\/revisions"}],"wp:featuredmedia":[{"embeddable":true,"href":"https:\/\/www.buecherserien.de\/de\/wp-json\/wp\/v2\/media\/5013"}],"wp:attachment":[{"href":"https:\/\/www.buecherserien.de\/de\/wp-json\/wp\/v2\/media?parent=5012"}],"wp:term":[{"taxonomy":"category","embeddable":true,"href":"https:\/\/www.buecherserien.de\/de\/wp-json\/wp\/v2\/categories?post=5012"},{"taxonomy":"post_tag","embeddable":true,"href":"https:\/\/www.buecherserien.de\/de\/wp-json\/wp\/v2\/tags?post=5012"}],"curies":[{"name":"wp","href":"https:\/\/api.w.org\/{rel}","templated":true}]}}