{"id":4992,"date":"2021-06-08T08:47:54","date_gmt":"2021-06-08T06:47:54","guid":{"rendered":"https:\/\/www.buecherserien.de\/de\/?p=4992"},"modified":"2021-06-08T08:48:13","modified_gmt":"2021-06-08T06:48:13","slug":"klaus-peter-wolf-che","status":"publish","type":"post","link":"https:\/\/www.buecherserien.de\/de\/klaus-peter-wolf-che\/","title":{"rendered":"Klaus-Peter Wolf: Che \u2013 Meine Tr\u00e4ume kennen keine Grenzen"},"content":{"rendered":"<div id=\"buv\">\n<p>Das Buch &#8222;Che \u2013 Meine Tr\u00e4ume kennen keine Grenzen&#8220; ist eine Romanbiographie von dem Autor <a title=\"B\u00fccher von Klaus-Peter Wolf\" href=\"https:\/\/www.buecherserien.de\/klaus-peter-wolf\/\">Klaus-Peter Wolf<\/a>.<\/p>\n<ul>\n<li>Titel bestellen bei:<\/li>\n<li class=\"buv_am\"><a title=\"Amazon.de\" href=\"https:\/\/www.amazon.de\/dp\/3891442440\/ref=nosim?tag=buecherserien-21\">Amazon<\/a><\/li>\n<\/ul>\n<ol>\n<li><strong>Infos \u00fcber das Buch:<\/strong><\/li>\n<li><strong>Serie:<\/strong> Keine<\/li>\n<li><strong>Verlag:<\/strong> Pahl-Rugenstein<\/li>\n<li><strong>Seiten:<\/strong> 218<\/li>\n<li><strong>Ver\u00f6ffentlichung:<\/strong> 1.1.1997<\/li>\n<li><strong>Formate:<\/strong> Buch<\/li>\n<li><strong>Buch-ISBN:<\/strong> 9783881422581<\/li>\n<\/ol>\n<div class=\"clearfix\"><\/div>\n<div class=\"buech-content-tipps\" id=\"buech-1598233650\"><p>Oder gebraucht suchen bei <a href=\"https:\/\/www.awin1.com\/awclick.php?gid=362166&mid=11364&awinaffid=644643&linkid=2376078&clickref=\">Medimops<\/a>.<\/p><\/div><h2>Inhaltsangabe von &#8222;Che \u2013 Meine Tr\u00e4ume kennen keine Grenzen&#8220;:<\/h2>\n<p><img loading=\"lazy\" decoding=\"async\" src=\"https:\/\/www.buecherserien.de\/de\/wp-content\/uploads\/klaus-peter-wolf1006.jpg\" alt=\"Che \u2013 Meine Tr\u00e4ume kennen keine Grenzen von Klaus-Peter Wolf\" width=\"250\" height=\"400\" \/>Siegreicher Guerillaf\u00fchrer, geisteskranker Terrorist, weitsichtiger Staatsmann, DonQuichotte des 20. Jahrhunderts &#8211; es gibt viele Ansichten \u00fcber den 1967 ermordeten Ernesto Che Guevara. Die Revolution auf Kuba ist mit seinem Namen genauso eng verbunden wie der Guerillakampf in den L\u00e4ndern Lateinamerikas. Doch wer war dieser Mann nun wirklich, der \u00fcber sich selbst sagte: &#8222;Meine Tr\u00e4ume werden keine Grenzen kennen, bis eine Kugel ihnen ein Ende bereitet.&#8220;<\/p>\n<div class=\"clearfix\"><\/div>\n<p id=\"buv_back_single\"><a href=\"https:\/\/www.buecherserien.de\/klaus-peter-wolf\/\">Zur\u00fcck zur Autorenseite<\/a><\/p>\n<\/div>","protected":false},"excerpt":{"rendered":"<p>Das Buch &#8222;Che \u2013 Meine Tr\u00e4ume kennen keine Grenzen&#8220; ist eine Romanbiographie von dem Autor Klaus-Peter Wolf. Titel bestellen bei: Amazon Infos \u00fcber das Buch: Serie: Keine Verlag: Pahl-Rugenstein Seiten: 218 Ver\u00f6ffentlichung: 1.1.1997 Formate: Buch Buch-ISBN: 9783881422581 Inhaltsangabe von &#8222;Che \u2013 Meine Tr\u00e4ume kennen keine Grenzen&#8220;: Siegreicher Guerillaf\u00fchrer, geisteskranker Terrorist, weitsichtiger Staatsmann, DonQuichotte des 20. [&hellip;]<\/p>\n","protected":false},"author":2,"featured_media":4993,"comment_status":"open","ping_status":"closed","sticky":false,"template":"","format":"standard","meta":{"_et_pb_use_builder":"","_et_pb_old_content":"","_et_gb_content_width":"","footnotes":""},"categories":[31],"tags":[104],"class_list":["post-4992","post","type-post","status-publish","format-standard","has-post-thumbnail","hentry","category-zeitgenoessische-literatur","tag-klaus-peter-wolf"],"_links":{"self":[{"href":"https:\/\/www.buecherserien.de\/de\/wp-json\/wp\/v2\/posts\/4992","targetHints":{"allow":["GET"]}}],"collection":[{"href":"https:\/\/www.buecherserien.de\/de\/wp-json\/wp\/v2\/posts"}],"about":[{"href":"https:\/\/www.buecherserien.de\/de\/wp-json\/wp\/v2\/types\/post"}],"author":[{"embeddable":true,"href":"https:\/\/www.buecherserien.de\/de\/wp-json\/wp\/v2\/users\/2"}],"replies":[{"embeddable":true,"href":"https:\/\/www.buecherserien.de\/de\/wp-json\/wp\/v2\/comments?post=4992"}],"version-history":[{"count":0,"href":"https:\/\/www.buecherserien.de\/de\/wp-json\/wp\/v2\/posts\/4992\/revisions"}],"wp:featuredmedia":[{"embeddable":true,"href":"https:\/\/www.buecherserien.de\/de\/wp-json\/wp\/v2\/media\/4993"}],"wp:attachment":[{"href":"https:\/\/www.buecherserien.de\/de\/wp-json\/wp\/v2\/media?parent=4992"}],"wp:term":[{"taxonomy":"category","embeddable":true,"href":"https:\/\/www.buecherserien.de\/de\/wp-json\/wp\/v2\/categories?post=4992"},{"taxonomy":"post_tag","embeddable":true,"href":"https:\/\/www.buecherserien.de\/de\/wp-json\/wp\/v2\/tags?post=4992"}],"curies":[{"name":"wp","href":"https:\/\/api.w.org\/{rel}","templated":true}]}}