{"id":4902,"date":"2021-06-04T10:21:05","date_gmt":"2021-06-04T08:21:05","guid":{"rendered":"https:\/\/www.buecherserien.de\/de\/?p=4902"},"modified":"2021-06-04T10:21:05","modified_gmt":"2021-06-04T08:21:05","slug":"karin-fossum-stumme-schreie","status":"publish","type":"post","link":"https:\/\/www.buecherserien.de\/de\/karin-fossum-stumme-schreie\/","title":{"rendered":"Karin Fossum: Stumme Schreie"},"content":{"rendered":"<div id=\"buv\">\n<p>Der Kriminalroman &#8222;Stumme Schreie&#8220; ist der 5. Band der Konrad Sejer-Reihe von der norwegischen Autorin <a title=\"B\u00fccher von Karin Fossum\" href=\"https:\/\/www.buecherserien.de\/karin-fossum\/\">Karin Fossum<\/a>.<\/p>\n<ul>\n<li>Titel bestellen bei:<\/li>\n<li class=\"buv_am\"><a title=\"Amazon.de\" href=\"https:\/\/www.amazon.de\/dp\/B01DWH8M4S\/ref=nosim?tag=buecherserien-21\">Amazon<\/a><\/li>\n<li class=\"buv_th\"><a title=\"Thalia.de\" href=\"https:\/\/www.awin1.com\/cread.php?awinmid=14158&amp;awinaffid=644643&amp;ued=https%3A%2F%2Fwww.thalia.de%2Fshop%2Fhome%2Fartikeldetails%2FEAN9783492982382\">Thalia<\/a><\/li>\n<li class=\"buv_hu\"><a title=\"Hugendubel.de\" href=\"https:\/\/clk.tradedoubler.com\/click?p=249407&#038;a=3222251&#038;url=https%3A%2F%2Fwww.hugendubel.de%2Fde%2Fproduct%3Fid%3D9783492982382\">Hugendubel<\/a><\/li>\n<li class=\"buv_eb\"><a title=\"eBook.de\" href=\"https:\/\/clk.tradedoubler.com\/click?p=324630&#038;a=3222251&#038;url=https%3A%2F%2Fwww.ebook.de%2Fde%2Fproduct%3Fid%3D9783492982382\">eBook.de<\/a><\/li>\n<\/ul>\n<ol>\n<li><strong>Infos \u00fcber das Buch:<\/strong><\/li>\n<li><strong>Serie:<\/strong> Konrad Sejer 5<\/li>\n<li><strong>Verlag:<\/strong> Piper <\/li>\n<li><strong>Seiten:<\/strong> 320<\/li>\n<li><strong>Ver\u00f6ffentlichung:<\/strong> 1.1.2001<\/li>\n<li><strong>Formate:<\/strong> Buch, eBook<\/li>\n<li><strong>Buch-ISBN:<\/strong> 9783492500340<\/li>\n<\/ol>\n<div class=\"clearfix\"><\/div>\n<div class=\"buech-content-tipps\" id=\"buech-506998062\"><p>Oder gebraucht suchen bei <a href=\"https:\/\/www.awin1.com\/awclick.php?gid=362166&mid=11364&awinaffid=644643&linkid=2376078&clickref=\">Medimops<\/a>.<\/p><\/div><h2>Inhaltsangabe von &#8222;Stumme Schreie&#8220;:<\/h2>\n<p><img loading=\"lazy\" decoding=\"async\" src=\"https:\/\/www.buecherserien.de\/de\/wp-content\/uploads\/karin-fossum-sejer-5.jpeg\" alt=\"Stumme Schreie von Karin Fossum\" width=\"250\" height=\"400\" \/>In dem abgelegenen Flecken Elvestad sieht sich der wortkarge und sensible Kommissar Konrad Sejer mit dem Fall einer grausam zugerichteten Frauenleiche konfrontiert. Niemand kennt die Fremde. Sejers Ermittlungen f\u00fchren in eine geschlossene Gemeinschaft, die von guten Absichten und zerst\u00f6rerischem Hass gepr\u00e4gt ist. In meisterhafter Sprache erz\u00e4hlt Karin Fossum vom Mord an der sch\u00f6nen Inderin Poona.<\/p>\n<div class=\"clearfix\"><\/div>\n<p id=\"buv_back_single\"><a href=\"https:\/\/www.buecherserien.de\/karin-fossum\/\">Zur\u00fcck zur Autorenseite<\/a><\/p>\n<\/div>","protected":false},"excerpt":{"rendered":"<p>Der Kriminalroman &#8222;Stumme Schreie&#8220; ist der 5. Band der Konrad Sejer-Reihe von der norwegischen Autorin Karin Fossum. Titel bestellen bei: Amazon Thalia Hugendubel eBook.de Infos \u00fcber das Buch: Serie: Konrad Sejer 5 Verlag: Piper Seiten: 320 Ver\u00f6ffentlichung: 1.1.2001 Formate: Buch, eBook Buch-ISBN: 9783492500340 Inhaltsangabe von &#8222;Stumme Schreie&#8220;: In dem abgelegenen Flecken Elvestad sieht sich der [&hellip;]<\/p>\n","protected":false},"author":1,"featured_media":4903,"comment_status":"open","ping_status":"closed","sticky":false,"template":"","format":"standard","meta":{"_et_pb_use_builder":"","_et_pb_old_content":"","_et_gb_content_width":"","footnotes":""},"categories":[18],"tags":[108],"class_list":["post-4902","post","type-post","status-publish","format-standard","has-post-thumbnail","hentry","category-krimi-thriller","tag-karin-fossum"],"_links":{"self":[{"href":"https:\/\/www.buecherserien.de\/de\/wp-json\/wp\/v2\/posts\/4902","targetHints":{"allow":["GET"]}}],"collection":[{"href":"https:\/\/www.buecherserien.de\/de\/wp-json\/wp\/v2\/posts"}],"about":[{"href":"https:\/\/www.buecherserien.de\/de\/wp-json\/wp\/v2\/types\/post"}],"author":[{"embeddable":true,"href":"https:\/\/www.buecherserien.de\/de\/wp-json\/wp\/v2\/users\/1"}],"replies":[{"embeddable":true,"href":"https:\/\/www.buecherserien.de\/de\/wp-json\/wp\/v2\/comments?post=4902"}],"version-history":[{"count":0,"href":"https:\/\/www.buecherserien.de\/de\/wp-json\/wp\/v2\/posts\/4902\/revisions"}],"wp:featuredmedia":[{"embeddable":true,"href":"https:\/\/www.buecherserien.de\/de\/wp-json\/wp\/v2\/media\/4903"}],"wp:attachment":[{"href":"https:\/\/www.buecherserien.de\/de\/wp-json\/wp\/v2\/media?parent=4902"}],"wp:term":[{"taxonomy":"category","embeddable":true,"href":"https:\/\/www.buecherserien.de\/de\/wp-json\/wp\/v2\/categories?post=4902"},{"taxonomy":"post_tag","embeddable":true,"href":"https:\/\/www.buecherserien.de\/de\/wp-json\/wp\/v2\/tags?post=4902"}],"curies":[{"name":"wp","href":"https:\/\/api.w.org\/{rel}","templated":true}]}}