{"id":4635,"date":"2021-06-02T10:12:13","date_gmt":"2021-06-02T08:12:13","guid":{"rendered":"https:\/\/www.buecherserien.de\/de\/?p=4635"},"modified":"2021-06-02T10:12:13","modified_gmt":"2021-06-02T08:12:13","slug":"klaus-peter-wolf-ostfriesengrab","status":"publish","type":"post","link":"https:\/\/www.buecherserien.de\/de\/klaus-peter-wolf-ostfriesengrab\/","title":{"rendered":"Klaus-Peter Wolf: Ostfriesengrab"},"content":{"rendered":"<div id=\"buv\">\n<p>Der Kriminalroman &#8222;Ostfriesengrab&#8220; ist der 3. Band der Ann Kathrin Klaasen-Reihe von dem Autor <a title=\"B\u00fccher von Klaus-Peter Wolf\" href=\"https:\/\/www.buecherserien.de\/klaus-peter-wolf\/\">Klaus-Peter Wolf<\/a>.<\/p>\n<ul>\n<li>Titel bestellen bei:<\/li>\n<li class=\"buv_am\"><a title=\"Amazon.de\" href=\"https:\/\/www.amazon.de\/dp\/B0058G4KKW\/ref=nosim?tag=buecherserien-21\">Amazon<\/a><\/li>\n<li class=\"buv_th\"><a title=\"Thalia.de\" href=\"https:\/\/www.awin1.com\/cread.php?awinmid=14158&amp;awinaffid=644643&amp;ued=https%3A%2F%2Fwww.thalia.de%2Fshop%2Fhome%2Fartikeldetails%2FEAN9783104001319\">Thalia<\/a><\/li>\n<li class=\"buv_hu\"><a title=\"Hugendubel.de\" href=\"https:\/\/clk.tradedoubler.com\/click?p=249407&#038;a=3222251&#038;url=https%3A%2F%2Fwww.hugendubel.de%2Fde%2Fproduct%3Fid%3D9783104001319\">Hugendubel<\/a><\/li>\n<li class=\"buv_eb\"><a title=\"eBook.de\" href=\"https:\/\/clk.tradedoubler.com\/click?p=324630&#038;a=3222251&#038;url=https%3A%2F%2Fwww.ebook.de%2Fde%2Fproduct%3Fid%3D9783104001319\">eBook.de<\/a><\/li>\n<\/ul>\n<ol>\n<li><strong>Infos \u00fcber das Buch:<\/strong><\/li>\n<li><strong>Serie:<\/strong> Ann Kathrin Klaasen 3<\/li>\n<li><strong>Verlag:<\/strong> FISCHER<\/li>\n<li><strong>Seiten:<\/strong> 400<\/li>\n<li><strong>Ver\u00f6ffentlichung:<\/strong> 1.3.2009<\/li>\n<li><strong>Formate:<\/strong> Buch, eBook, H\u00f6rbuch<\/li>\n<li><strong>Buch-ISBN:<\/strong> 9783596180493<\/li>\n<\/ol>\n<div class=\"clearfix\"><\/div>\n<div class=\"buech-content-tipps\" id=\"buech-3006863339\"><p>Oder gebraucht suchen bei <a href=\"https:\/\/www.awin1.com\/awclick.php?gid=362166&mid=11364&awinaffid=644643&linkid=2376078&clickref=\">Medimops<\/a>.<\/p><\/div><h2>Inhaltsangabe von &#8222;Ostfriesengrab&#8220;:<\/h2>\n<p><img loading=\"lazy\" decoding=\"async\" src=\"https:\/\/www.buecherserien.de\/de\/wp-content\/uploads\/klaus-peter-wolf-klaasen-3.jpg\" alt=\"Ostfriesengrab von Klaus-Peter Wolf\" width=\"250\" height=\"400\" \/>Im zauberhaften Park von Schloss L\u00fctetsburg wird eine weibliche Leiche gefunden. Der M\u00f6rder hat sie wie eine Elfe in den bl\u00fchenden Str\u00e4uchern drapiert. Welche Botschaft will er Kommissarin Ann Kathrin Klaasen und ihrem Team damit \u00fcbermitteln? Auch der dritte Kriminalroman mit der beliebten Kommisarin verspricht Spannung pur.<\/p>\n<div class=\"clearfix\"><\/div>\n<p id=\"buv_back_single\"><a href=\"https:\/\/www.buecherserien.de\/klaus-peter-wolf\/\">Zur\u00fcck zur Autorenseite<\/a><\/p>\n<\/div>","protected":false},"excerpt":{"rendered":"<p>Der Kriminalroman &#8222;Ostfriesengrab&#8220; ist der 3. Band der Ann Kathrin Klaasen-Reihe von dem Autor Klaus-Peter Wolf. Titel bestellen bei: Amazon Thalia Hugendubel eBook.de Infos \u00fcber das Buch: Serie: Ann Kathrin Klaasen 3 Verlag: FISCHER Seiten: 400 Ver\u00f6ffentlichung: 1.3.2009 Formate: Buch, eBook, H\u00f6rbuch Buch-ISBN: 9783596180493 Inhaltsangabe von &#8222;Ostfriesengrab&#8220;: Im zauberhaften Park von Schloss L\u00fctetsburg wird eine [&hellip;]<\/p>\n","protected":false},"author":2,"featured_media":4636,"comment_status":"open","ping_status":"closed","sticky":false,"template":"","format":"standard","meta":{"_et_pb_use_builder":"","_et_pb_old_content":"","_et_gb_content_width":"","footnotes":""},"categories":[18],"tags":[104],"class_list":["post-4635","post","type-post","status-publish","format-standard","has-post-thumbnail","hentry","category-krimi-thriller","tag-klaus-peter-wolf"],"_links":{"self":[{"href":"https:\/\/www.buecherserien.de\/de\/wp-json\/wp\/v2\/posts\/4635","targetHints":{"allow":["GET"]}}],"collection":[{"href":"https:\/\/www.buecherserien.de\/de\/wp-json\/wp\/v2\/posts"}],"about":[{"href":"https:\/\/www.buecherserien.de\/de\/wp-json\/wp\/v2\/types\/post"}],"author":[{"embeddable":true,"href":"https:\/\/www.buecherserien.de\/de\/wp-json\/wp\/v2\/users\/2"}],"replies":[{"embeddable":true,"href":"https:\/\/www.buecherserien.de\/de\/wp-json\/wp\/v2\/comments?post=4635"}],"version-history":[{"count":0,"href":"https:\/\/www.buecherserien.de\/de\/wp-json\/wp\/v2\/posts\/4635\/revisions"}],"wp:featuredmedia":[{"embeddable":true,"href":"https:\/\/www.buecherserien.de\/de\/wp-json\/wp\/v2\/media\/4636"}],"wp:attachment":[{"href":"https:\/\/www.buecherserien.de\/de\/wp-json\/wp\/v2\/media?parent=4635"}],"wp:term":[{"taxonomy":"category","embeddable":true,"href":"https:\/\/www.buecherserien.de\/de\/wp-json\/wp\/v2\/categories?post=4635"},{"taxonomy":"post_tag","embeddable":true,"href":"https:\/\/www.buecherserien.de\/de\/wp-json\/wp\/v2\/tags?post=4635"}],"curies":[{"name":"wp","href":"https:\/\/api.w.org\/{rel}","templated":true}]}}