{"id":460,"date":"2021-04-14T10:57:19","date_gmt":"2021-04-14T08:57:19","guid":{"rendered":"https:\/\/buecherserien.de\/de\/?p=460"},"modified":"2021-04-14T10:57:19","modified_gmt":"2021-04-14T08:57:19","slug":"sebastian-fitzek-das-paket","status":"publish","type":"post","link":"https:\/\/www.buecherserien.de\/de\/sebastian-fitzek-das-paket\/","title":{"rendered":"Sebastian Fitzek: Das Paket"},"content":{"rendered":"<div id=\"buv\">\n<p>Das Buch &#8222;Das Paket&#8220; ist ein Thriller von dem Autor <a title=\"B\u00fccher von Sebastian Fitzek\" href=\"https:\/\/www.buecherserien.de\/sebastian-fitzek\/\">Sebastian Fitzek<\/a>.<\/p>\n<ul>\n<li>Titel bestellen bei:<\/li>\n<li class=\"buv_am\"><a title=\"Amazon.de\" href=\"https:\/\/www.amazon.de\/dp\/B018TBF63W\/ref=nosim?tag=buecherserien-21\">Amazon<\/a><\/li>\n<li class=\"buv_th\"><a  title=\"Thalia.de\" href=\"https:\/\/www.awin1.com\/cread.php?awinmid=14158&amp;awinaffid=644643&amp;ued=https%3A%2F%2Fwww.thalia.de%2Fshop%2Fhome%2Fartikeldetails%2FEAN9783426440087\">Thalia<\/a><\/li>\n<li class=\"buv_hu\"><a title=\"Hugendubel.de\" href=\"https:\/\/clk.tradedoubler.com\/click?p=249407&#038;a=3222251&#038;url=https%3A%2F%2Fwww.hugendubel.de%2Fde%2Fproduct%3Fid%3D9783426440087\">Hugendubel<\/a><\/li>\n<li class=\"buv_eb\"><a title=\"eBook.de\" href=\"https:\/\/clk.tradedoubler.com\/click?p=324630&#038;a=3222251&#038;url=https%3A%2F%2Fwww.ebook.de%2Fde%2Fproduct%3Fid%3D9783426440087\">eBook.de<\/a><\/li>\n<\/ul>\n<ol>\n<li><strong>Infos \u00fcber das Buch:<\/strong><\/li>\n<li><strong>Serie:<\/strong> Keine<\/li>\n<li><strong>Verlag:<\/strong>  Knaur<\/li>\n<li><strong>Seiten:<\/strong>   368<\/li>\n<li><strong>Ver\u00f6ffentlichung:<\/strong> 21.2.2018<\/li>\n<li><strong>Formate:<\/strong> Buch, eBook, H\u00f6rbuch<\/li>\n<li><strong>Buch-ISBN:<\/strong> 9783426510186<\/li>\n<\/ol>\n<div class=\"clearfix\"><\/div>\n<div class=\"buech-content-tipps\" id=\"buech-1774559761\"><p>Oder gebraucht suchen bei <a href=\"https:\/\/www.awin1.com\/awclick.php?gid=362166&mid=11364&awinaffid=644643&linkid=2376078&clickref=\">Medimops<\/a>.<\/p><\/div><h2>Inhaltsangabe von &#8222;Das Paket&#8220;:<\/h2>\n<p><img loading=\"lazy\" decoding=\"async\" src=\"https:\/\/www.buecherserien.de\/de\/wp-content\/uploads\/sfitzek1014.jpg\" alt=\"Das Paket von Sebastian Fitzek\" width=\"250\" height=\"400\" \/>Seit die junge Psychiaterin Emma Stein in einem Hotelzimmer vergewaltigt wurde, verl\u00e4sst sie das Haus nicht mehr. Sie war das dritte Opfer eines Psychopathen, den die Presse den \u00bbFriseur\u00ab nennt \u2013 weil er den misshandelten Frauen die Haare vom Kopf schert, bevor er sie ermordet.<br \/>\nEmma, die als Einzige mit dem Leben davonkam, hat gro\u00dfe Angst, der \u00bbFriseur\u00ab k\u00f6nnte sie erneut heimsuchen, um seine grauenhafte Tat zu vollenden. In ihrer Paranoia glaubt sie in jedem Mann ihren Peiniger wiederzuerkennen, dabei hat sie den T\u00e4ter nie zu Gesicht bekommen. Nur in ihrem kleinen Haus am Rande des Berliner Grunewalds f\u00fchlt sie sich noch sicher \u2013 bis der Postbote sie eines Tages bittet, ein Paket f\u00fcr ihren Nachbarn anzunehmen.<br \/>\nEinen Mann, dessen Namen sie nicht kennt und den sie noch nie gesehen hat, obwohl sie schon seit Jahren in ihrer Stra\u00dfe lebt &#8230;<\/p>\n<div class=\"clearfix\"><\/div>\n<p id=\"buv_back_single\"><a href=\"https:\/\/www.buecherserien.de\/sebastian-fitzek\/\">Zur\u00fcck zur Autorenseite<\/a><\/p>\n<\/div>","protected":false},"excerpt":{"rendered":"<p>Das Buch &#8222;Das Paket&#8220; ist ein Thriller von dem Autor Sebastian Fitzek. Titel bestellen bei: Amazon Thalia Hugendubel eBook.de Infos \u00fcber das Buch: Serie: Keine Verlag: Knaur Seiten: 368 Ver\u00f6ffentlichung: 21.2.2018 Formate: Buch, eBook, H\u00f6rbuch Buch-ISBN: 9783426510186 Inhaltsangabe von &#8222;Das Paket&#8220;: Seit die junge Psychiaterin Emma Stein in einem Hotelzimmer vergewaltigt wurde, verl\u00e4sst sie das [&hellip;]<\/p>\n","protected":false},"author":2,"featured_media":461,"comment_status":"open","ping_status":"closed","sticky":false,"template":"","format":"standard","meta":{"_et_pb_use_builder":"","_et_pb_old_content":"","_et_gb_content_width":"","footnotes":""},"categories":[18],"tags":[15],"class_list":["post-460","post","type-post","status-publish","format-standard","has-post-thumbnail","hentry","category-krimi-thriller","tag-sebastian-fitzek"],"_links":{"self":[{"href":"https:\/\/www.buecherserien.de\/de\/wp-json\/wp\/v2\/posts\/460","targetHints":{"allow":["GET"]}}],"collection":[{"href":"https:\/\/www.buecherserien.de\/de\/wp-json\/wp\/v2\/posts"}],"about":[{"href":"https:\/\/www.buecherserien.de\/de\/wp-json\/wp\/v2\/types\/post"}],"author":[{"embeddable":true,"href":"https:\/\/www.buecherserien.de\/de\/wp-json\/wp\/v2\/users\/2"}],"replies":[{"embeddable":true,"href":"https:\/\/www.buecherserien.de\/de\/wp-json\/wp\/v2\/comments?post=460"}],"version-history":[{"count":0,"href":"https:\/\/www.buecherserien.de\/de\/wp-json\/wp\/v2\/posts\/460\/revisions"}],"wp:featuredmedia":[{"embeddable":true,"href":"https:\/\/www.buecherserien.de\/de\/wp-json\/wp\/v2\/media\/461"}],"wp:attachment":[{"href":"https:\/\/www.buecherserien.de\/de\/wp-json\/wp\/v2\/media?parent=460"}],"wp:term":[{"taxonomy":"category","embeddable":true,"href":"https:\/\/www.buecherserien.de\/de\/wp-json\/wp\/v2\/categories?post=460"},{"taxonomy":"post_tag","embeddable":true,"href":"https:\/\/www.buecherserien.de\/de\/wp-json\/wp\/v2\/tags?post=460"}],"curies":[{"name":"wp","href":"https:\/\/api.w.org\/{rel}","templated":true}]}}