{"id":4122,"date":"2021-05-24T13:31:44","date_gmt":"2021-05-24T11:31:44","guid":{"rendered":"https:\/\/www.buecherserien.de\/de\/?p=4122"},"modified":"2021-05-24T13:31:44","modified_gmt":"2021-05-24T11:31:44","slug":"mel-wallis-de-vries-maedchen-versenken","status":"publish","type":"post","link":"https:\/\/www.buecherserien.de\/de\/mel-wallis-de-vries-maedchen-versenken\/","title":{"rendered":"Mel Wallis de Vries: M\u00e4dchen versenken"},"content":{"rendered":"<div id=\"buv\">\n<p>Der Jugend-Thriller &#8222;M\u00e4dchen versenken&#8220; ist der 3. Band der deVries-Reihe von der niederl\u00e4ndischen Autorin <a title=\"B\u00fccher von Mel Wallis de Vries\" href=\"https:\/\/www.buecherserien.de\/mel-wallis-de-vries\/\">Mel Wallis de Vries<\/a>.<\/p>\n<ul>\n<li>Titel bestellen bei:<\/li>\n<li class=\"buv_am\"><a title=\"Amazon.de\" href=\"https:\/\/www.amazon.de\/dp\/B0774TWY9P\/ref=nosim?tag=buecherserien-21\">Amazon<\/a><\/li>\n<li class=\"buv_th\"><a title=\"Thalia.de\" href=\"https:\/\/www.awin1.com\/cread.php?awinmid=14158&amp;awinaffid=644643&amp;ued=https%3A%2F%2Fwww.thalia.de%2Fshop%2Fhome%2Fartikeldetails%2FEAN9783732557035\">Thalia<\/a><\/li>\n<li class=\"buv_hu\"><a title=\"Hugendubel.de\" href=\"https:\/\/clk.tradedoubler.com\/click?p=249407&#038;a=3222251&#038;url=https%3A%2F%2Fwww.hugendubel.de%2Fde%2Fproduct%3Fid%3D9783732557035\">Hugendubel<\/a><\/li>\n<li class=\"buv_eb\"><a title=\"eBook.de\" href=\"https:\/\/clk.tradedoubler.com\/click?p=324630&#038;a=3222251&#038;url=https%3A%2F%2Fwww.ebook.de%2Fde%2Fproduct%3Fid%3D9783732557035\">eBook.de<\/a><\/li>\n<\/ul>\n<ol>\n<li><strong>Infos \u00fcber das Buch:<\/strong><\/li>\n<li><strong>Serie:<\/strong> deVries 3<\/li>\n<li><strong>Verlag:<\/strong> Bastei \/ One<\/li>\n<li><strong>Seiten:<\/strong> 288<\/li>\n<li><strong>Ver\u00f6ffentlichung:<\/strong> 23.2.2018<\/li>\n<li><strong>Formate:<\/strong> Buch, eBook<\/li>\n<li><strong>Buch-ISBN:<\/strong> 9783846600610<\/li>\n<\/ol>\n<div class=\"clearfix\"><\/div>\n<div class=\"buech-content-tipps\" id=\"buech-1372639536\"><p>Oder gebraucht suchen bei <a href=\"https:\/\/www.awin1.com\/awclick.php?gid=362166&mid=11364&awinaffid=644643&linkid=2376078&clickref=\">Medimops<\/a>.<\/p><\/div><h2>Inhaltsangabe von &#8222;M\u00e4dchen versenken&#8220;:<\/h2>\n<p><img loading=\"lazy\" decoding=\"async\" src=\"https:\/\/www.buecherserien.de\/de\/wp-content\/uploads\/devries-3.jpeg\" alt=\"M\u00e4dchen versenken von Mel Wallis de Vries\" width=\"250\" height=\"400\" \/>Als Lara ihre Augen \u00f6ffnet, ist alles um sie herum schwarz. Tr\u00e4umt sie? Ist sie tot? Und was hat es mit den Stimmen auf sich, die sie aus dem Dunkeln h\u00f6rt? Ihr wird klar: Offenbar hat es jemand auf ihre beste Freundin Maud abgesehen. Aber wie soll sie Maud warnen, wenn niemand sie h\u00f6rt?<\/p>\n<p>Maud macht sich schreckliche Vorw\u00fcrfe. Warum hat sie Lara an dem verh\u00e4ngnisvollen Abend, als das Ungl\u00fcck passierte, nicht nach Hause begleitet? Die \u00c4rzte halten Lara f\u00fcr hirntot und wollen die lebenserhaltenden Maschinen abstellen. Doch Maud kann ihre Freundin nicht einfach aufgeben &#8211; sie muss um Laras Leben k\u00e4mpfen! Denn Maud glaubt nicht an einen Unfall und will herausfinden, was in jener Nacht wirklich geschah. Dabei ahnt sie nicht, dass sie schon l\u00e4ngst selbst in Gefahr schwebt &#8230;<\/p>\n<div class=\"clearfix\"><\/div>\n<p id=\"buv_back_single\"><a href=\"https:\/\/www.buecherserien.de\/mel-wallis-de-vries\/\">Zur\u00fcck zur Autorenseite<\/a><\/p>\n<\/div>","protected":false},"excerpt":{"rendered":"<p>Der Jugend-Thriller &#8222;M\u00e4dchen versenken&#8220; ist der 3. Band der deVries-Reihe von der niederl\u00e4ndischen Autorin Mel Wallis de Vries. Titel bestellen bei: Amazon Thalia Hugendubel eBook.de Infos \u00fcber das Buch: Serie: deVries 3 Verlag: Bastei \/ One Seiten: 288 Ver\u00f6ffentlichung: 23.2.2018 Formate: Buch, eBook Buch-ISBN: 9783846600610 Inhaltsangabe von &#8222;M\u00e4dchen versenken&#8220;: Als Lara ihre Augen \u00f6ffnet, ist [&hellip;]<\/p>\n","protected":false},"author":1,"featured_media":4124,"comment_status":"open","ping_status":"closed","sticky":false,"template":"","format":"standard","meta":{"_et_pb_use_builder":"","_et_pb_old_content":"","_et_gb_content_width":"","footnotes":""},"categories":[1,18],"tags":[96],"class_list":["post-4122","post","type-post","status-publish","format-standard","has-post-thumbnail","hentry","category-jugendromane","category-krimi-thriller","tag-mel-wallis-de-vries"],"_links":{"self":[{"href":"https:\/\/www.buecherserien.de\/de\/wp-json\/wp\/v2\/posts\/4122","targetHints":{"allow":["GET"]}}],"collection":[{"href":"https:\/\/www.buecherserien.de\/de\/wp-json\/wp\/v2\/posts"}],"about":[{"href":"https:\/\/www.buecherserien.de\/de\/wp-json\/wp\/v2\/types\/post"}],"author":[{"embeddable":true,"href":"https:\/\/www.buecherserien.de\/de\/wp-json\/wp\/v2\/users\/1"}],"replies":[{"embeddable":true,"href":"https:\/\/www.buecherserien.de\/de\/wp-json\/wp\/v2\/comments?post=4122"}],"version-history":[{"count":0,"href":"https:\/\/www.buecherserien.de\/de\/wp-json\/wp\/v2\/posts\/4122\/revisions"}],"wp:featuredmedia":[{"embeddable":true,"href":"https:\/\/www.buecherserien.de\/de\/wp-json\/wp\/v2\/media\/4124"}],"wp:attachment":[{"href":"https:\/\/www.buecherserien.de\/de\/wp-json\/wp\/v2\/media?parent=4122"}],"wp:term":[{"taxonomy":"category","embeddable":true,"href":"https:\/\/www.buecherserien.de\/de\/wp-json\/wp\/v2\/categories?post=4122"},{"taxonomy":"post_tag","embeddable":true,"href":"https:\/\/www.buecherserien.de\/de\/wp-json\/wp\/v2\/tags?post=4122"}],"curies":[{"name":"wp","href":"https:\/\/api.w.org\/{rel}","templated":true}]}}