{"id":4119,"date":"2021-05-24T13:26:13","date_gmt":"2021-05-24T11:26:13","guid":{"rendered":"https:\/\/www.buecherserien.de\/de\/?p=4119"},"modified":"2021-05-24T13:26:13","modified_gmt":"2021-05-24T11:26:13","slug":"mel-wallis-de-vries-schnick-schnack-tot","status":"publish","type":"post","link":"https:\/\/www.buecherserien.de\/de\/mel-wallis-de-vries-schnick-schnack-tot\/","title":{"rendered":"Mel Wallis de Vries: Schnick, schnack, tot"},"content":{"rendered":"<div id=\"buv\">\n<p>Der Jugend-Thriller &#8222;Schnick, schnack, tot&#8220; ist der 2. Band der deVries-Reihe von der niederl\u00e4ndischen Autorin <a title=\"B\u00fccher von Mel Wallis de Vries\" href=\"https:\/\/www.buecherserien.de\/mel-wallis-de-vries\/\">Mel Wallis de Vries<\/a>.<\/p>\n<ul>\n<li>Titel bestellen bei:<\/li>\n<li class=\"buv_am\"><a title=\"Amazon.de\" href=\"https:\/\/www.amazon.de\/dp\/B01F5O3DKE\/ref=nosim?tag=buecherserien-21\">Amazon<\/a><\/li>\n<li class=\"buv_th\"><a title=\"Thalia.de\" href=\"https:\/\/www.awin1.com\/cread.php?awinmid=14158&amp;awinaffid=644643&amp;ued=https%3A%2F%2Fwww.thalia.de%2Fshop%2Fhome%2Fartikeldetails%2FEAN9783732529407\">Thalia<\/a><\/li>\n<li class=\"buv_hu\"><a title=\"Hugendubel.de\" href=\"https:\/\/clk.tradedoubler.com\/click?p=249407&#038;a=3222251&#038;url=https%3A%2F%2Fwww.hugendubel.de%2Fde%2Fproduct%3Fid%3D9783732529407\">Hugendubel<\/a><\/li>\n<li class=\"buv_eb\"><a title=\"eBook.de\" href=\"https:\/\/clk.tradedoubler.com\/click?p=324630&#038;a=3222251&#038;url=https%3A%2F%2Fwww.ebook.de%2Fde%2Fproduct%3Fid%3D9783732529407\">eBook.de<\/a><\/li>\n<\/ul>\n<ol>\n<li><strong>Infos \u00fcber das Buch:<\/strong><\/li>\n<li><strong>Serie:<\/strong> deVries 2<\/li>\n<li><strong>Verlag:<\/strong> Bastei \/ One<\/li>\n<li><strong>Seiten:<\/strong> 288<\/li>\n<li><strong>Ver\u00f6ffentlichung:<\/strong> 9.9.2016<\/li>\n<li><strong>Formate:<\/strong> Buch, eBook<\/li>\n<li><strong>Buch-ISBN:<\/strong> 9783846600290<\/li>\n<\/ol>\n<div class=\"clearfix\"><\/div>\n<div class=\"buech-content-tipps\" id=\"buech-2545201837\"><p>Oder gebraucht suchen bei <a href=\"https:\/\/www.awin1.com\/awclick.php?gid=362166&mid=11364&awinaffid=644643&linkid=2376078&clickref=\">Medimops<\/a>.<\/p><\/div><h2>Inhaltsangabe von &#8222;Schnick, schnack, tot&#8220;:<\/h2>\n<p><img loading=\"lazy\" decoding=\"async\" src=\"https:\/\/www.buecherserien.de\/de\/wp-content\/uploads\/devries-2.jpeg\" alt=\"Schnick, schnack, tot von Mel Wallis de Vries\" width=\"250\" height=\"400\" \/>Klassenfahrt! Alle freuen sich auf das verl\u00e4ngerte Wochenende auf der Insel Vlieland. Doch dann wird Kiki erw\u00fcrgt in den D\u00fcnen aufgefunden. Ihre Mitsch\u00fcler sind im Schockzustand.<\/p>\n<p>Die Polizei f\u00e4ngt an zu ermitteln und schnell wird klar, dass fast jeder ein Motiv gehabt h\u00e4tte. Dann macht die Neuigkeit die Runde, dass niemand die Insel verlassen kann, weil ein Sturm aufgezogen ist und jeglicher Schiffsverkehr eingestellt wurde. Allen ist klar, dass der M\u00f6rder mitten unter ihnen ist. Langsam aber sicher wird der Aufenthalt auf der Insel zu einem wahren H\u00f6llentrip &#8230;<\/p>\n<div class=\"clearfix\"><\/div>\n<p id=\"buv_back_single\"><a href=\"https:\/\/www.buecherserien.de\/mel-wallis-de-vries\/\">Zur\u00fcck zur Autorenseite<\/a><\/p>\n<\/div>","protected":false},"excerpt":{"rendered":"<p>Der Jugend-Thriller &#8222;Schnick, schnack, tot&#8220; ist der 2. Band der deVries-Reihe von der niederl\u00e4ndischen Autorin Mel Wallis de Vries. Titel bestellen bei: Amazon Thalia Hugendubel eBook.de Infos \u00fcber das Buch: Serie: deVries 2 Verlag: Bastei \/ One Seiten: 288 Ver\u00f6ffentlichung: 9.9.2016 Formate: Buch, eBook Buch-ISBN: 9783846600290 Inhaltsangabe von &#8222;Schnick, schnack, tot&#8220;: Klassenfahrt! Alle freuen sich [&hellip;]<\/p>\n","protected":false},"author":1,"featured_media":4120,"comment_status":"open","ping_status":"closed","sticky":false,"template":"","format":"standard","meta":{"_et_pb_use_builder":"","_et_pb_old_content":"","_et_gb_content_width":"","footnotes":""},"categories":[1,18],"tags":[96],"class_list":["post-4119","post","type-post","status-publish","format-standard","has-post-thumbnail","hentry","category-jugendromane","category-krimi-thriller","tag-mel-wallis-de-vries"],"_links":{"self":[{"href":"https:\/\/www.buecherserien.de\/de\/wp-json\/wp\/v2\/posts\/4119","targetHints":{"allow":["GET"]}}],"collection":[{"href":"https:\/\/www.buecherserien.de\/de\/wp-json\/wp\/v2\/posts"}],"about":[{"href":"https:\/\/www.buecherserien.de\/de\/wp-json\/wp\/v2\/types\/post"}],"author":[{"embeddable":true,"href":"https:\/\/www.buecherserien.de\/de\/wp-json\/wp\/v2\/users\/1"}],"replies":[{"embeddable":true,"href":"https:\/\/www.buecherserien.de\/de\/wp-json\/wp\/v2\/comments?post=4119"}],"version-history":[{"count":0,"href":"https:\/\/www.buecherserien.de\/de\/wp-json\/wp\/v2\/posts\/4119\/revisions"}],"wp:featuredmedia":[{"embeddable":true,"href":"https:\/\/www.buecherserien.de\/de\/wp-json\/wp\/v2\/media\/4120"}],"wp:attachment":[{"href":"https:\/\/www.buecherserien.de\/de\/wp-json\/wp\/v2\/media?parent=4119"}],"wp:term":[{"taxonomy":"category","embeddable":true,"href":"https:\/\/www.buecherserien.de\/de\/wp-json\/wp\/v2\/categories?post=4119"},{"taxonomy":"post_tag","embeddable":true,"href":"https:\/\/www.buecherserien.de\/de\/wp-json\/wp\/v2\/tags?post=4119"}],"curies":[{"name":"wp","href":"https:\/\/api.w.org\/{rel}","templated":true}]}}