{"id":4108,"date":"2021-05-24T13:11:37","date_gmt":"2021-05-24T11:11:37","guid":{"rendered":"https:\/\/www.buecherserien.de\/de\/?p=4108"},"modified":"2021-05-24T13:17:46","modified_gmt":"2021-05-24T11:17:46","slug":"mel-wallis-de-vries-eiskalte-kuesse","status":"publish","type":"post","link":"https:\/\/www.buecherserien.de\/de\/mel-wallis-de-vries-eiskalte-kuesse\/","title":{"rendered":"Mel Wallis de Vries: Eiskalte K\u00fcsse"},"content":{"rendered":"<div id=\"buv\">\n<p>&#8222;Eiskalte K\u00fcsse\u201c ist ein Jugend-Thriller von der niederl\u00e4ndischen Autorin <a title=\"B\u00fccher von Mel Wallis de Vries\" href=\"https:\/\/www.buecherserien.de\/mel-wallis-de-vries\/\">Mel Wallis de Vries<\/a>.<\/p>\n<ul>\n<li>Titel bestellen bei:<\/li>\n<li class=\"buv_am\"><a title=\"Amazon.de\" href=\"https:\/\/www.amazon.de\/dp\/3781723208\/ref=nosim?tag=buecherserien-21\">Amazon<\/a><\/li>\n<\/ul>\n<ol>\n<li><strong>Infos \u00fcber das Buch:<\/strong><\/li>\n<li><strong>Serie:<\/strong> Keine<\/li>\n<li><strong>Verlag:<\/strong> Klopp<\/li>\n<li><strong>Seiten:<\/strong> 224<\/li>\n<li><strong>Ver\u00f6ffentlichung:<\/strong> 2.8.2010<\/li>\n<li><strong>Formate:<\/strong> Buch<\/li>\n<li><strong>Buch-ISBN:<\/strong> 9783781723207<\/li>\n<\/ol>\n<div class=\"clearfix\"><\/div>\n<div class=\"buech-content-tipps\" id=\"buech-2746830299\"><p>Oder gebraucht suchen bei <a href=\"https:\/\/www.awin1.com\/awclick.php?gid=362166&mid=11364&awinaffid=644643&linkid=2376078&clickref=\">Medimops<\/a>.<\/p><\/div><h2>Inhaltsangabe von &#8222;Eiskalte K\u00fcsse&#8220;:<\/h2>\n<p><img loading=\"lazy\" decoding=\"async\" src=\"https:\/\/www.buecherserien.de\/de\/wp-content\/uploads\/de-vries-eiskalte-kuesse.jpeg\" alt=\"Eiskalte K\u00fcsse von Mel Wallis de Vries\" width=\"250\" height=\"400\" \/>Mord oder Selbstmord? Spannung pur! Anna wohnt noch nicht lange in Amsterdam und ist froh, in Tessa eine Freundin gefunden zu haben. Auch wenn sie das Gef\u00fchl hat, dass Tessas Clique sie nicht mag. Nachdem Tessa tot aufgefunden wird, erf\u00e4hrt Anna Dinge \u00fcber Tessas Freunde, die sie nicht fassen kann. Hat vielleicht einer von ihnen etwas mit Tessas Tod zu tun? Dann ger\u00e4t Anna selbst in das Visier des M\u00f6rders.<\/p>\n<div class=\"clearfix\"><\/div>\n<p id=\"buv_back_single\"><a href=\"https:\/\/www.buecherserien.de\/mel-wallis-de-vries\/\">Zur\u00fcck zur Autorenseite<\/a><\/p>\n<\/div>","protected":false},"excerpt":{"rendered":"<p>&#8222;Eiskalte K\u00fcsse\u201c ist ein Jugend-Thriller von der niederl\u00e4ndischen Autorin Mel Wallis de Vries. Titel bestellen bei: Amazon Infos \u00fcber das Buch: Serie: Keine Verlag: Klopp Seiten: 224 Ver\u00f6ffentlichung: 2.8.2010 Formate: Buch Buch-ISBN: 9783781723207 Inhaltsangabe von &#8222;Eiskalte K\u00fcsse&#8220;: Mord oder Selbstmord? Spannung pur! Anna wohnt noch nicht lange in Amsterdam und ist froh, in Tessa eine [&hellip;]<\/p>\n","protected":false},"author":1,"featured_media":4113,"comment_status":"open","ping_status":"closed","sticky":false,"template":"","format":"standard","meta":{"_et_pb_use_builder":"","_et_pb_old_content":"","_et_gb_content_width":"","footnotes":""},"categories":[1,18],"tags":[96],"class_list":["post-4108","post","type-post","status-publish","format-standard","has-post-thumbnail","hentry","category-jugendromane","category-krimi-thriller","tag-mel-wallis-de-vries"],"_links":{"self":[{"href":"https:\/\/www.buecherserien.de\/de\/wp-json\/wp\/v2\/posts\/4108","targetHints":{"allow":["GET"]}}],"collection":[{"href":"https:\/\/www.buecherserien.de\/de\/wp-json\/wp\/v2\/posts"}],"about":[{"href":"https:\/\/www.buecherserien.de\/de\/wp-json\/wp\/v2\/types\/post"}],"author":[{"embeddable":true,"href":"https:\/\/www.buecherserien.de\/de\/wp-json\/wp\/v2\/users\/1"}],"replies":[{"embeddable":true,"href":"https:\/\/www.buecherserien.de\/de\/wp-json\/wp\/v2\/comments?post=4108"}],"version-history":[{"count":0,"href":"https:\/\/www.buecherserien.de\/de\/wp-json\/wp\/v2\/posts\/4108\/revisions"}],"wp:featuredmedia":[{"embeddable":true,"href":"https:\/\/www.buecherserien.de\/de\/wp-json\/wp\/v2\/media\/4113"}],"wp:attachment":[{"href":"https:\/\/www.buecherserien.de\/de\/wp-json\/wp\/v2\/media?parent=4108"}],"wp:term":[{"taxonomy":"category","embeddable":true,"href":"https:\/\/www.buecherserien.de\/de\/wp-json\/wp\/v2\/categories?post=4108"},{"taxonomy":"post_tag","embeddable":true,"href":"https:\/\/www.buecherserien.de\/de\/wp-json\/wp\/v2\/tags?post=4108"}],"curies":[{"name":"wp","href":"https:\/\/api.w.org\/{rel}","templated":true}]}}