{"id":29900,"date":"2025-03-03T12:29:21","date_gmt":"2025-03-03T11:29:21","guid":{"rendered":"https:\/\/www.buecherserien.de\/de\/?p=29900"},"modified":"2025-03-03T12:29:21","modified_gmt":"2025-03-03T11:29:21","slug":"klaus-peter-wolf-der-sturz","status":"publish","type":"post","link":"https:\/\/www.buecherserien.de\/de\/klaus-peter-wolf-der-sturz\/","title":{"rendered":"Klaus-Peter Wolf: Der Sturz"},"content":{"rendered":"<div id=\"buv\">\n<p>Der Kriminalroman &#8222;Der Sturz&#8220; ist der 3. Band der der Reihe &#8222;Ein m\u00f6rderisches Paar&#8220; mit Dr. Sommerfeldt von dem deutschen Autor <a title=\"B\u00fccher von Klaus-Peter Wolf\" href=\"https:\/\/www.buecherserien.de\/klaus-peter-wolf\/\">Klaus-Peter Wolf<\/a>.<\/p>\n<ul>\n<li>Titel bestellen bei:<\/li>\n<li class=\"buv_am\"><a title=\"Amazon.de\" href=\"https:\/\/www.amazon.de\/dp\/B0DK3S582B\/ref=nosim?tag=buecherserien-21\">Amazon<\/a><\/li>\n<li class=\"buv_th\"><a title=\"Thalia.de\" href=\"https:\/\/www.awin1.com\/cread.php?awinmid=14158&amp;awinaffid=644643&amp;ued=https%3A%2F%2Fwww.thalia.de%2Fshop%2Fhome%2Fartikeldetails%2FEAN9783104920061\">Thalia<\/a><\/li>\n<li class=\"buv_hu\"><a title=\"Hugendubel.de\" href=\"https:\/\/clk.tradedoubler.com\/click?p=249407&#038;a=3222251&#038;url=https%3A%2F%2Fwww.hugendubel.de%2Fde%2Fproduct%3Fid%3D9783104920061\">Hugendubel<\/a><\/li>\n<li class=\"buv_eb\"><a title=\"eBook.de\" href=\"https:\/\/clk.tradedoubler.com\/click?p=324630&#038;a=3222251&#038;url=https%3A%2F%2Fwww.ebook.de%2Fde%2Fproduct%3Fid%3D9783104920061\">eBook.de<\/a><\/li>\n<\/ul>\n<ol>\n<li><strong>Infos \u00fcber das Buch:<\/strong><\/li>\n<li><strong>Serie:<\/strong> M\u00f6rderisches Paar 3<\/li>\n<li><strong>Verlag:<\/strong> FISCHER<\/li>\n<li><strong>Seiten:<\/strong> 464<\/li>\n<li><strong>Ver\u00f6ffentlichung:<\/strong> 21.5.2025<\/li>\n<li><strong>Formate:<\/strong> Buch, eBook, H\u00f6rbuch<\/li>\n<li><strong>Buch-ISBN:<\/strong> 9783596710805<\/li>\n<\/ol>\n<div class=\"clearfix\"><\/div>\n<div class=\"buech-content-tipps\" id=\"buech-1584383028\"><p>Oder gebraucht suchen bei <a href=\"https:\/\/www.awin1.com\/awclick.php?gid=362166&mid=11364&awinaffid=644643&linkid=2376078&clickref=\">Medimops<\/a>.<\/p><\/div><h2>Inhaltsangabe von &#8222;Der Sturz&#8220;:<\/h2>\n<p><img loading=\"lazy\" decoding=\"async\" src=\"https:\/\/www.buecherserien.de\/de\/wp-content\/uploads\/klaus-peter-wolf-moerderisches-paar-3.jpg\" alt=\"Der Sturz von Klaus-Peter Wolf\" width=\"250\" height=\"400\" \/>Wieder ist Dr. Bernhard Sommerfeldt da, wo er ganz zu Anfang schon einmal war: auf der Flucht! Gejagt von der Polizei, vom BKA, von mehreren Profikillern und Gangsterbossen. Nach der stimmungsvollen Hochzeit am Strand hatte Frauke sich ihre Flitterwochen eher in einem Luxushotel mit viel Champagner vorgestellt. Das haben aber die Verfolger ihres Mannes gr\u00fcndlich vereitelt. Jetzt hei\u00dft es fliehen, Geld besorgen und dann raus aus Ostfriesland, wo es mittlerweile von Profikillern nur so wimmelt. Doch auch in dieser prek\u00e4ren Situation beweist Sommerfeldt einmal mehr, warum ihn einige Leute so f\u00fcrchten. Denn er hat einen Plan B, und der hei\u00dft: abtauchen, beim Golfen entspannen und dann zur\u00fcckschlagen. &#8222;Ein m\u00f6rderisches Paar. Der Sturz&#8220; ist das spannende Finale der Trilogie mit einem charismatischen Dr. Bernhard Sommerfeldt und seiner Ehefrau Frauke.<\/p>\n<div class=\"clearfix\"><\/div>\n<p id=\"buv_back_single\"><a href=\"https:\/\/www.buecherserien.de\/klaus-peter-wolf\/\">Zur\u00fcck zur Autorenseite<\/a><\/p>\n<\/div>","protected":false},"excerpt":{"rendered":"<p>Der Kriminalroman &#8222;Der Sturz&#8220; ist der 3. Band der der Reihe &#8222;Ein m\u00f6rderisches Paar&#8220; mit Dr. Sommerfeldt von dem deutschen Autor Klaus-Peter Wolf. Titel bestellen bei: Amazon Thalia Hugendubel eBook.de Infos \u00fcber das Buch: Serie: M\u00f6rderisches Paar 3 Verlag: FISCHER Seiten: 464 Ver\u00f6ffentlichung: 21.5.2025 Formate: Buch, eBook, H\u00f6rbuch Buch-ISBN: 9783596710805 Inhaltsangabe von &#8222;Der Sturz&#8220;: Wieder [&hellip;]<\/p>\n","protected":false},"author":1,"featured_media":29901,"comment_status":"closed","ping_status":"closed","sticky":false,"template":"","format":"standard","meta":{"_et_pb_use_builder":"","_et_pb_old_content":"","_et_gb_content_width":"","footnotes":""},"categories":[18],"tags":[104],"class_list":["post-29900","post","type-post","status-publish","format-standard","has-post-thumbnail","hentry","category-krimi-thriller","tag-klaus-peter-wolf"],"_links":{"self":[{"href":"https:\/\/www.buecherserien.de\/de\/wp-json\/wp\/v2\/posts\/29900","targetHints":{"allow":["GET"]}}],"collection":[{"href":"https:\/\/www.buecherserien.de\/de\/wp-json\/wp\/v2\/posts"}],"about":[{"href":"https:\/\/www.buecherserien.de\/de\/wp-json\/wp\/v2\/types\/post"}],"author":[{"embeddable":true,"href":"https:\/\/www.buecherserien.de\/de\/wp-json\/wp\/v2\/users\/1"}],"replies":[{"embeddable":true,"href":"https:\/\/www.buecherserien.de\/de\/wp-json\/wp\/v2\/comments?post=29900"}],"version-history":[{"count":1,"href":"https:\/\/www.buecherserien.de\/de\/wp-json\/wp\/v2\/posts\/29900\/revisions"}],"predecessor-version":[{"id":29902,"href":"https:\/\/www.buecherserien.de\/de\/wp-json\/wp\/v2\/posts\/29900\/revisions\/29902"}],"wp:featuredmedia":[{"embeddable":true,"href":"https:\/\/www.buecherserien.de\/de\/wp-json\/wp\/v2\/media\/29901"}],"wp:attachment":[{"href":"https:\/\/www.buecherserien.de\/de\/wp-json\/wp\/v2\/media?parent=29900"}],"wp:term":[{"taxonomy":"category","embeddable":true,"href":"https:\/\/www.buecherserien.de\/de\/wp-json\/wp\/v2\/categories?post=29900"},{"taxonomy":"post_tag","embeddable":true,"href":"https:\/\/www.buecherserien.de\/de\/wp-json\/wp\/v2\/tags?post=29900"}],"curies":[{"name":"wp","href":"https:\/\/api.w.org\/{rel}","templated":true}]}}