{"id":29518,"date":"2024-03-27T11:03:12","date_gmt":"2024-03-27T10:03:12","guid":{"rendered":"https:\/\/www.buecherserien.de\/de\/?p=29518"},"modified":"2024-03-27T11:03:12","modified_gmt":"2024-03-27T10:03:12","slug":"freya-jueptner-vanessa-wildfang","status":"publish","type":"post","link":"https:\/\/www.buecherserien.de\/de\/freya-jueptner-vanessa-wildfang\/","title":{"rendered":"Freya J\u00fcptner: Vanessa: Wildfang"},"content":{"rendered":"<div id=\"buv\">\n<p>Der Fantasyroman &#8222;Vanessa: Wildfang&#8220; ist der 5. Band der Reihe &#8222;Aemilia &#8211; Tochter der Victoria&#8220; von der deutschen Autorin <a title=\"B\u00fccher von Freya J\u00fcptner\" href=\"https:\/\/www.buecherserien.de\/freya-jueptner\/\">Freya J\u00fcptner<\/a>.<\/p>\n<ul>\n<li>Titel bestellen bei:<\/li>\n<li class=\"buv_am\"><a title=\"Amazon.de\" href=\"https:\/\/www.amazon.de\/dp\/B0CYTZ6MNN\/ref=nosim?tag=buecherserien-21\">Amazon<\/a><\/li>\n<\/ul>\n<ol>\n<li><strong>Infos \u00fcber das Buch:<\/strong><\/li>\n<li><strong>Serie:<\/strong> Aemilia 5<\/li>\n<li><strong>Verlag:<\/strong> Independently published<\/li>\n<li><strong>Seiten:<\/strong> 333<\/li>\n<li><strong>Ver\u00f6ffentlichung:<\/strong> 21.9.2023<\/li>\n<li><strong>Formate:<\/strong> Buch, eBook<\/li>\n<li><strong>Buch-ISBN:<\/strong> 9798320573359<\/li>\n<\/ol>\n<div class=\"clearfix\"><\/div>\n<div class=\"buech-content-tipps\" id=\"buech-899408748\"><p>Oder gebraucht suchen bei <a href=\"https:\/\/www.awin1.com\/awclick.php?gid=362166&mid=11364&awinaffid=644643&linkid=2376078&clickref=\">Medimops<\/a>.<\/p><\/div><h2>Inhaltsangabe von &#8222;Vanessa: Wildfang&#8220;:<\/h2>\n<p><img loading=\"lazy\" decoding=\"async\" src=\"https:\/\/www.buecherserien.de\/de\/wp-content\/uploads\/freya-jueptner-aemilia-5.jpg\" alt=\"Vanessa: Wildfang von Freya J\u00fcptner\" width=\"250\" height=\"400\" \/>Ich bin geflohen! Saskia und Mama besch\u00e4ftigen Marcus. Doch ich habe es nicht mehr ausgehalten bei diesem Sauertopf. Charlie hat mir eine Nachricht geschickt, dass sie inzwischen bei Mandy ist. Also bin ich die paar Schritte zu Mandy und nun sitzen wir zu dritt auf der Couch der freien Ferienwohnung. \u201eDu kannst das Schwert jetzt auch wieder hinlegen.\u201c, ermahnt mich Mandy schmunzelnd. Verlegen lege ich den Brief\u00f6ffner in Form eines Schwertes wieder auf den Tisch. Charlie k\u00fcsst mich sanft in den Nacken. Ihr warmer Atem l\u00f6st einen wohligen Schauer aus.<\/p>\n<p>Leiser berichte ich, was ich zus\u00e4tzlich erfahren habe: \u201e\u00c1lfhild war Loki ebenfalls auf den Fersen.\u201c Mandy und Charlie staunen. \u201eDie Lichtalben sind wohl gut darin Leute zu beschatten.\u201c, meint Charlie. \u201e\u201cJa. Und sie agieren dabei extrem unauff\u00e4llig.\u201c, denkt Mandy laut. Das ist ein Punkt, der mich auch seit einiger Zeit besch\u00e4ftigt. Im Museum, in Berlin, stand \u00c1lfhild urpl\u00f6tzlich neben mir. \u201eK\u00f6nnen sich Lichtalben unsichtbar machen?\u201c Ich sehe Charlie und Mandy unsicher an. Beide zucken nur mit den Schultern.<\/p>\n<p>Mandy reckt sich. \u201eKinders. Ich muss dann wieder an meine B\u00fccher. Ich habe den ganzen Tag an den Yachten geholfen.\u201c Sie blickt uns mitf\u00fchlend an. \u201eDanke. Wir gehen dann mal wieder.\u201c, antwortet Charlie leise. Sie sieht mich l\u00e4chelnd an: \u201eWir k\u00f6nnen uns direkt in dein Zimmer verziehen.\u201c Der Gedanke gef\u00e4llt mir. Ich dr\u00fccke Mandy und ziehe meine Jacke an. Anschlie\u00dfend schlendere ich mit Charlie Arm in Arm nach Hause. Wir sehen noch, wie der Opel von Carsten Muchow davonf\u00e4hrt.<\/p>\n<div class=\"clearfix\"><\/div>\n<p id=\"buv_back_single\"><a href=\"https:\/\/www.buecherserien.de\/freya-jueptner\/\">Zur\u00fcck zur Autorenseite<\/a><\/p>\n<\/div>","protected":false},"excerpt":{"rendered":"<p>Der Fantasyroman &#8222;Vanessa: Wildfang&#8220; ist der 5. Band der Reihe &#8222;Aemilia &#8211; Tochter der Victoria&#8220; von der deutschen Autorin Freya J\u00fcptner. Titel bestellen bei: Amazon Infos \u00fcber das Buch: Serie: Aemilia 5 Verlag: Independently published Seiten: 333 Ver\u00f6ffentlichung: 21.9.2023 Formate: Buch, eBook Buch-ISBN: 9798320573359 Inhaltsangabe von &#8222;Vanessa: Wildfang&#8220;: Ich bin geflohen! Saskia und Mama besch\u00e4ftigen [&hellip;]<\/p>\n","protected":false},"author":1,"featured_media":29520,"comment_status":"closed","ping_status":"closed","sticky":false,"template":"","format":"standard","meta":{"_et_pb_use_builder":"","_et_pb_old_content":"","_et_gb_content_width":"","footnotes":""},"categories":[17],"tags":[494],"class_list":["post-29518","post","type-post","status-publish","format-standard","has-post-thumbnail","hentry","category-fantasy","tag-freya-jueptner"],"_links":{"self":[{"href":"https:\/\/www.buecherserien.de\/de\/wp-json\/wp\/v2\/posts\/29518","targetHints":{"allow":["GET"]}}],"collection":[{"href":"https:\/\/www.buecherserien.de\/de\/wp-json\/wp\/v2\/posts"}],"about":[{"href":"https:\/\/www.buecherserien.de\/de\/wp-json\/wp\/v2\/types\/post"}],"author":[{"embeddable":true,"href":"https:\/\/www.buecherserien.de\/de\/wp-json\/wp\/v2\/users\/1"}],"replies":[{"embeddable":true,"href":"https:\/\/www.buecherserien.de\/de\/wp-json\/wp\/v2\/comments?post=29518"}],"version-history":[{"count":1,"href":"https:\/\/www.buecherserien.de\/de\/wp-json\/wp\/v2\/posts\/29518\/revisions"}],"predecessor-version":[{"id":29521,"href":"https:\/\/www.buecherserien.de\/de\/wp-json\/wp\/v2\/posts\/29518\/revisions\/29521"}],"wp:featuredmedia":[{"embeddable":true,"href":"https:\/\/www.buecherserien.de\/de\/wp-json\/wp\/v2\/media\/29520"}],"wp:attachment":[{"href":"https:\/\/www.buecherserien.de\/de\/wp-json\/wp\/v2\/media?parent=29518"}],"wp:term":[{"taxonomy":"category","embeddable":true,"href":"https:\/\/www.buecherserien.de\/de\/wp-json\/wp\/v2\/categories?post=29518"},{"taxonomy":"post_tag","embeddable":true,"href":"https:\/\/www.buecherserien.de\/de\/wp-json\/wp\/v2\/tags?post=29518"}],"curies":[{"name":"wp","href":"https:\/\/api.w.org\/{rel}","templated":true}]}}