{"id":29409,"date":"2024-02-21T11:28:51","date_gmt":"2024-02-21T10:28:51","guid":{"rendered":"https:\/\/www.buecherserien.de\/de\/?p=29409"},"modified":"2024-02-22T16:48:18","modified_gmt":"2024-02-22T15:48:18","slug":"klaus-peter-wolf-der-verdacht","status":"publish","type":"post","link":"https:\/\/www.buecherserien.de\/de\/klaus-peter-wolf-der-verdacht\/","title":{"rendered":"Klaus-Peter Wolf: Der Verdacht"},"content":{"rendered":"<div id=\"buv\">\n<p>Der Kriminalroman &#8222;Der Verdacht&#8220; ist der 2. Band der der Reihe &#8222;Ein m\u00f6rderisches Paar&#8220; mit Dr. Sommerfeldt von dem deutschen Autor <a title=\"B\u00fccher von Klaus-Peter Wolf\" href=\"https:\/\/www.buecherserien.de\/klaus-peter-wolf\/\">Klaus-Peter Wolf<\/a>.<\/p>\n<ul>\n<li>Titel bestellen bei:<\/li>\n<li class=\"buv_am\"><a title=\"Amazon.de\" href=\"https:\/\/www.amazon.de\/dp\/B0CB53T97Z\/ref=nosim?tag=buecherserien-21\">Amazon<\/a><\/li>\n<li class=\"buv_th\"><a title=\"Thalia.de\" href=\"https:\/\/www.awin1.com\/cread.php?awinmid=14158&amp;awinaffid=644643&amp;ued=https%3A%2F%2Fwww.thalia.de%2Fshop%2Fhome%2Fartikeldetails%2FEAN9783104917467\">Thalia<\/a><\/li>\n<li class=\"buv_hu\"><a title=\"Hugendubel.de\" href=\"https:\/\/clk.tradedoubler.com\/click?p=249407&#038;a=3222251&#038;url=https%3A%2F%2Fwww.hugendubel.de%2Fde%2Fproduct%3Fid%3D9783104917467\">Hugendubel<\/a><\/li>\n<li class=\"buv_eb\"><a title=\"eBook.de\" href=\"https:\/\/clk.tradedoubler.com\/click?p=324630&#038;a=3222251&#038;url=https%3A%2F%2Fwww.ebook.de%2Fde%2Fproduct%3Fid%3D9783104917467\">eBook.de<\/a><\/li>\n<\/ul>\n<ol>\n<li><strong>Infos \u00fcber das Buch:<\/strong><\/li>\n<li><strong>Serie:<\/strong> M\u00f6rderisches Paar 2<\/li>\n<li><strong>Verlag:<\/strong> FISCHER<\/li>\n<li><strong>Seiten:<\/strong> 450<\/li>\n<li><strong>Ver\u00f6ffentlichung:<\/strong> 1.5.2024<\/li>\n<li><strong>Formate:<\/strong> Buch, eBook, H\u00f6rbuch<\/li>\n<li><strong>Buch-ISBN:<\/strong> 9783596707553<\/li>\n<\/ol>\n<div class=\"clearfix\"><\/div>\n<div class=\"buech-content-tipps\" id=\"buech-1062733236\"><p>Oder gebraucht suchen bei <a href=\"https:\/\/www.awin1.com\/awclick.php?gid=362166&mid=11364&awinaffid=644643&linkid=2376078&clickref=\">Medimops<\/a>.<\/p><\/div><h2>Inhaltsangabe von &#8222;Der Verdacht&#8220;:<\/h2>\n<p><img loading=\"lazy\" decoding=\"async\" src=\"https:\/\/www.buecherserien.de\/de\/wp-content\/uploads\/klaus-peter-wolf-moerderisches-paar-2.jpg\" alt=\"Der Verdacht von Klaus-Peter Wolf\" width=\"250\" height=\"400\" \/>Ein Kopfgeld von 10 Millionen ist auf Dr. Bernhard Sommerfeldt ausgesetzt, eine Summe, die sich kein Profikiller gerne entgehen l\u00e4sst. Und wenn Markus Baumann aus Meppen davon gewusst h\u00e4tte, dann h\u00e4tte er Birgit Ritter vielleicht anders angesprochen. Doch seine Sommerfeldt-Masche ist einfach zu erfolgreich, reihenweise verfallen ihm die Frauen. Auch Birgit Ritter glaubt fest, den echten Sommerfeldt vor sich zu haben, als pl\u00f6tzlich und unerwartet Johann Baptist Reichhart, seines Zeichens Kopfgeldj\u00e4ger, im Raum steht und das Rendezvous mit Markus Baumann final beendet.<\/p>\n<p>Das ist kein einfacher Fall f\u00fcr Ann Kathrin Klaasen und ihr Team  in Ostfriesland, aber ein hundertprozentiger Auftrag f\u00fcr den echten Sommerfeldt und seine Ehefrau Frauke. Alles l\u00e4uft auf einen gro\u00dfen Showdown auf Norderney hinaus.<\/p>\n<div class=\"clearfix\"><\/div>\n<p id=\"buv_back_single\"><a href=\"https:\/\/www.buecherserien.de\/klaus-peter-wolf\/\">Zur\u00fcck zur Autorenseite<\/a><\/p>\n<\/div>","protected":false},"excerpt":{"rendered":"<p>Der Kriminalroman &#8222;Der Verdacht&#8220; ist der 2. Band der der Reihe &#8222;Ein m\u00f6rderisches Paar&#8220; mit Dr. Sommerfeldt von dem deutschen Autor Klaus-Peter Wolf. Titel bestellen bei: Amazon Thalia Hugendubel eBook.de Infos \u00fcber das Buch: Serie: M\u00f6rderisches Paar 2 Verlag: FISCHER Seiten: 450 Ver\u00f6ffentlichung: 1.5.2024 Formate: Buch, eBook, H\u00f6rbuch Buch-ISBN: 9783596707553 Inhaltsangabe von &#8222;Der Verdacht&#8220;: Ein [&hellip;]<\/p>\n","protected":false},"author":1,"featured_media":29410,"comment_status":"closed","ping_status":"closed","sticky":false,"template":"","format":"standard","meta":{"_et_pb_use_builder":"","_et_pb_old_content":"","_et_gb_content_width":"","footnotes":""},"categories":[18],"tags":[104],"class_list":["post-29409","post","type-post","status-publish","format-standard","has-post-thumbnail","hentry","category-krimi-thriller","tag-klaus-peter-wolf"],"_links":{"self":[{"href":"https:\/\/www.buecherserien.de\/de\/wp-json\/wp\/v2\/posts\/29409","targetHints":{"allow":["GET"]}}],"collection":[{"href":"https:\/\/www.buecherserien.de\/de\/wp-json\/wp\/v2\/posts"}],"about":[{"href":"https:\/\/www.buecherserien.de\/de\/wp-json\/wp\/v2\/types\/post"}],"author":[{"embeddable":true,"href":"https:\/\/www.buecherserien.de\/de\/wp-json\/wp\/v2\/users\/1"}],"replies":[{"embeddable":true,"href":"https:\/\/www.buecherserien.de\/de\/wp-json\/wp\/v2\/comments?post=29409"}],"version-history":[{"count":2,"href":"https:\/\/www.buecherserien.de\/de\/wp-json\/wp\/v2\/posts\/29409\/revisions"}],"predecessor-version":[{"id":29416,"href":"https:\/\/www.buecherserien.de\/de\/wp-json\/wp\/v2\/posts\/29409\/revisions\/29416"}],"wp:featuredmedia":[{"embeddable":true,"href":"https:\/\/www.buecherserien.de\/de\/wp-json\/wp\/v2\/media\/29410"}],"wp:attachment":[{"href":"https:\/\/www.buecherserien.de\/de\/wp-json\/wp\/v2\/media?parent=29409"}],"wp:term":[{"taxonomy":"category","embeddable":true,"href":"https:\/\/www.buecherserien.de\/de\/wp-json\/wp\/v2\/categories?post=29409"},{"taxonomy":"post_tag","embeddable":true,"href":"https:\/\/www.buecherserien.de\/de\/wp-json\/wp\/v2\/tags?post=29409"}],"curies":[{"name":"wp","href":"https:\/\/api.w.org\/{rel}","templated":true}]}}