{"id":29016,"date":"2024-01-18T13:58:47","date_gmt":"2024-01-18T12:58:47","guid":{"rendered":"https:\/\/www.buecherserien.de\/de\/?p=29016"},"modified":"2024-01-18T13:58:47","modified_gmt":"2024-01-18T12:58:47","slug":"ina-haller-aargauer-grauen","status":"publish","type":"post","link":"https:\/\/www.buecherserien.de\/de\/ina-haller-aargauer-grauen\/","title":{"rendered":"Ina Haller: Aargauer Grauen"},"content":{"rendered":"<div id=\"buv\">\n<p>Der Kriminalroman &#8222;Aargauer Grauen&#8220; ist der 11. Band der Kantonspolizei Aargau-Reihe von der deutsch-schweizerischen Autorin <a title=\"B\u00fccher von Ina Haller\" href=\"https:\/\/www.buecherserien.de\/ina-haller\/\">Ina Haller<\/a>.<\/p>\n<ul>\n<li>Titel bestellen bei:<\/li>\n<li class=\"buv_am\"><a title=\"Amazon.de\" href=\"https:\/\/www.amazon.de\/dp\/B0C4YXZMSQ\/ref=nosim?tag=buecherserien-21\">Amazon<\/a><\/li>\n<li class=\"buv_th\"><a title=\"Thalia.de\" href=\"https:\/\/www.awin1.com\/cread.php?awinmid=14158&amp;awinaffid=644643&amp;ued=https%3A%2F%2Fwww.thalia.de%2Fshop%2Fhome%2Fartikeldetails%2FEAN9783987071102\">Thalia<\/a><\/li>\n<li class=\"buv_hu\"><a title=\"Hugendubel.de\" href=\"https:\/\/clk.tradedoubler.com\/click?p=249407&#038;a=3222251&#038;url=https%3A%2F%2Fwww.hugendubel.de%2Fde%2Fproduct%3Fid%3D9783987071102\">Hugendubel<\/a><\/li>\n<li class=\"buv_eb\"><a title=\"eBook.de\" href=\"https:\/\/clk.tradedoubler.com\/click?p=324630&#038;a=3222251&#038;url=https%3A%2F%2Fwww.ebook.de%2Fde%2Fproduct%3Fid%3D9783987071102\">eBook.de<\/a><\/li>\n<\/ul>\n<ol>\n<li><strong>Infos \u00fcber das Buch:<\/strong><\/li>\n<li><strong>Serie:<\/strong> Kantonspolizei Aargau 11<\/li>\n<li><strong>Verlag:<\/strong> Emons<\/li>\n<li><strong>Seiten:<\/strong> 272<\/li>\n<li><strong>Ver\u00f6ffentlichung:<\/strong> 30.1.2024<\/li>\n<li><strong>Formate:<\/strong> Buch, eBook<\/li>\n<li><strong>Buch-ISBN:<\/strong> 9783740818685<\/li>\n<\/ol>\n<div class=\"clearfix\"><\/div>\n<div class=\"buech-content-tipps\" id=\"buech-2798000417\"><p>Oder gebraucht suchen bei <a href=\"https:\/\/www.awin1.com\/awclick.php?gid=362166&mid=11364&awinaffid=644643&linkid=2376078&clickref=\">Medimops<\/a>.<\/p><\/div><h2>Inhaltsangabe von &#8222;Aargauer Grauen&#8220;:<\/h2>\n<p><img loading=\"lazy\" decoding=\"async\" src=\"https:\/\/www.buecherserien.de\/de\/wp-content\/uploads\/ina-haller-aargau-11.jpg\" alt=\"Aargauer Grauen von Ina Haller\" width=\"250\" height=\"400\" \/>Ein Mann wird leblos in seiner Wohnung aufgefunden. Die Polizei geht von einem Herzinfarkt aus, doch dann werden an der Leiche seltsame Bissspuren entdeckt. Andrina und ihr Mann Enrico, in dessen Pharmaunternehmen das Opfer t\u00e4tig war, stellen Nachforschungen an und sto\u00dfen schon bald auf die ungew\u00f6hnliche Mordwaffe: eine hochgiftige Spinne aus Australien. Kurz darauf verschwinden Bet\u00e4ubungsmittel aus Enricos Firma, und Andrina wird klar, dass auch sie selbst und ihre Familie in t\u00f6dlicher Gefahr schweben.<\/p>\n<div class=\"clearfix\"><\/div>\n<p id=\"buv_back_single\"><a href=\"https:\/\/www.buecherserien.de\/ina-haller\/\">Zur\u00fcck zur Autorenseite<\/a><\/p>\n<\/div>","protected":false},"excerpt":{"rendered":"<p>Der Kriminalroman &#8222;Aargauer Grauen&#8220; ist der 11. Band der Kantonspolizei Aargau-Reihe von der deutsch-schweizerischen Autorin Ina Haller. Titel bestellen bei: Amazon Thalia Hugendubel eBook.de Infos \u00fcber das Buch: Serie: Kantonspolizei Aargau 11 Verlag: Emons Seiten: 272 Ver\u00f6ffentlichung: 30.1.2024 Formate: Buch, eBook Buch-ISBN: 9783740818685 Inhaltsangabe von &#8222;Aargauer Grauen&#8220;: Ein Mann wird leblos in seiner Wohnung aufgefunden. [&hellip;]<\/p>\n","protected":false},"author":1,"featured_media":29017,"comment_status":"closed","ping_status":"closed","sticky":false,"template":"","format":"standard","meta":{"_et_pb_use_builder":"","_et_pb_old_content":"","_et_gb_content_width":"","footnotes":""},"categories":[18],"tags":[427],"class_list":["post-29016","post","type-post","status-publish","format-standard","has-post-thumbnail","hentry","category-krimi-thriller","tag-ina-haller"],"_links":{"self":[{"href":"https:\/\/www.buecherserien.de\/de\/wp-json\/wp\/v2\/posts\/29016","targetHints":{"allow":["GET"]}}],"collection":[{"href":"https:\/\/www.buecherserien.de\/de\/wp-json\/wp\/v2\/posts"}],"about":[{"href":"https:\/\/www.buecherserien.de\/de\/wp-json\/wp\/v2\/types\/post"}],"author":[{"embeddable":true,"href":"https:\/\/www.buecherserien.de\/de\/wp-json\/wp\/v2\/users\/1"}],"replies":[{"embeddable":true,"href":"https:\/\/www.buecherserien.de\/de\/wp-json\/wp\/v2\/comments?post=29016"}],"version-history":[{"count":1,"href":"https:\/\/www.buecherserien.de\/de\/wp-json\/wp\/v2\/posts\/29016\/revisions"}],"predecessor-version":[{"id":29018,"href":"https:\/\/www.buecherserien.de\/de\/wp-json\/wp\/v2\/posts\/29016\/revisions\/29018"}],"wp:featuredmedia":[{"embeddable":true,"href":"https:\/\/www.buecherserien.de\/de\/wp-json\/wp\/v2\/media\/29017"}],"wp:attachment":[{"href":"https:\/\/www.buecherserien.de\/de\/wp-json\/wp\/v2\/media?parent=29016"}],"wp:term":[{"taxonomy":"category","embeddable":true,"href":"https:\/\/www.buecherserien.de\/de\/wp-json\/wp\/v2\/categories?post=29016"},{"taxonomy":"post_tag","embeddable":true,"href":"https:\/\/www.buecherserien.de\/de\/wp-json\/wp\/v2\/tags?post=29016"}],"curies":[{"name":"wp","href":"https:\/\/api.w.org\/{rel}","templated":true}]}}