{"id":28988,"date":"2024-01-16T11:57:47","date_gmt":"2024-01-16T10:57:47","guid":{"rendered":"https:\/\/www.buecherserien.de\/de\/?p=28988"},"modified":"2024-01-16T11:57:47","modified_gmt":"2024-01-16T10:57:47","slug":"patricia-koelle-der-klang-des-windes","status":"publish","type":"post","link":"https:\/\/www.buecherserien.de\/de\/patricia-koelle-der-klang-des-windes\/","title":{"rendered":"Patricia Koelle: Der Klang des Windes"},"content":{"rendered":"<div id=\"buv\">\n<p>Der Roman &#8222;Der Klang des Windes&#8220; ist der 4. Band der Sehnsuchtswald-Reihe von der Autorin <a title=\"B\u00fccher von Patricia Koelle\" href=\"https:\/\/www.buecherserien.de\/patricia-koelle\/\">Patricia Koelle<\/a>.<\/p>\n<ul>\n<li>Titel bestellen bei:<\/li>\n<li class=\"buv_am\"><a title=\"Amazon.de\" href=\"https:\/\/www.amazon.de\/dp\/B0CL7ZK9LH\/ref=nosim?tag=buecherserien-21\">Amazon<\/a><\/li>\n<li class=\"buv_th\"><a title=\"Thalia.de\" href=\"https:\/\/www.awin1.com\/cread.php?awinmid=14158&amp;awinaffid=644643&amp;ued=https%3A%2F%2Fwww.thalia.de%2Fshop%2Fhome%2Fartikeldetails%2FEAN9783104917276\">Thalia<\/a><\/li>\n<li class=\"buv_hu\"><a title=\"Hugendubel.de\" href=\"https:\/\/clk.tradedoubler.com\/click?p=249407&#038;a=3222251&#038;url=https%3A%2F%2Fwww.hugendubel.de%2Fde%2Fproduct%3Fid%3D9783104917276\">Hugendubel<\/a><\/li>\n<li class=\"buv_eb\"><a title=\"eBook.de\" href=\"https:\/\/clk.tradedoubler.com\/click?p=324630&#038;a=3222251&#038;url=https%3A%2F%2Fwww.ebook.de%2Fde%2Fproduct%3Fid%3D9783104917276\">eBook.de<\/a><\/li>\n<\/ul>\n<ol>\n<li><strong>Infos \u00fcber das Buch:<\/strong><\/li>\n<li><strong>Serie:<\/strong> Sehnsuchtswald 4<\/li>\n<li><strong>Verlag:<\/strong> Fischer<\/li>\n<li><strong>Seiten:<\/strong> 480<\/li>\n<li><strong>Ver\u00f6ffentlichung:<\/strong> 27.3.2024<\/li>\n<li><strong>Formate:<\/strong> Buch, eBook<\/li>\n<li><strong>Buch-ISBN:<\/strong> 9783596708482<\/li>\n<\/ol>\n<div class=\"clearfix\"><\/div>\n<div class=\"buech-content-tipps\" id=\"buech-637411985\"><p>Oder gebraucht suchen bei <a href=\"https:\/\/www.awin1.com\/awclick.php?gid=362166&mid=11364&awinaffid=644643&linkid=2376078&clickref=\">Medimops<\/a>.<\/p><\/div><h2>Inhaltsangabe von &#8222;Der Klang des Windes&#8220;:<\/h2>\n<p><img loading=\"lazy\" decoding=\"async\" src=\"https:\/\/www.buecherserien.de\/de\/wp-content\/uploads\/patricia-koelle-sehnsuchtswald-4.jpg\" alt=\"Der Klang des Windes von Patricia Koelle\" width=\"250\" height=\"400\" \/>Schon immer wollte Anna-Lisa Malerin werden. Doch sie verzweifelt an ihrem mangelnden Talent. Als sie die Fotografie f\u00fcr sich entdeckt, kehrt sie in ihre alte Heimat auf dem Dar\u00df zur\u00fcck \u2013 wo sonst gibt es bessere Motive als in dieser K\u00fcstenlandschaft voller B\u00e4ume und Geheimnisse? Ihre Fotos werden immer beliebter. Doch es reicht nicht aus, um den Traum von einem eigenen Fotostudio zu erf\u00fcllen. Als sie Lian kennenlernt, bauen sich zarte Gef\u00fchle auf. Aber ist er wirklich ungebunden? Ehe sie es herausfinden kann, wartet eine dringende Aufgabe auf sie: Sie soll helfen, ein altes Versprechen zu erf\u00fcllen. In Ostfriesland trifft sie dabei auf jemanden, der kreativ t\u00e4tig ist wie sie und ihr Mut macht. Kann Anna-Lisa ihre Selbstzweifel \u00fcberwinden und sich der Zukunft \u00f6ffnen?<\/p>\n<div class=\"clearfix\"><\/div>\n<p id=\"buv_back_single\"><a href=\"https:\/\/www.buecherserien.de\/patricia-koelle\/\">Zur\u00fcck zur Autorenseite<\/a><\/p>\n<\/div>","protected":false},"excerpt":{"rendered":"<p>Der Roman &#8222;Der Klang des Windes&#8220; ist der 4. Band der Sehnsuchtswald-Reihe von der Autorin Patricia Koelle. Titel bestellen bei: Amazon Thalia Hugendubel eBook.de Infos \u00fcber das Buch: Serie: Sehnsuchtswald 4 Verlag: Fischer Seiten: 480 Ver\u00f6ffentlichung: 27.3.2024 Formate: Buch, eBook Buch-ISBN: 9783596708482 Inhaltsangabe von &#8222;Der Klang des Windes&#8220;: Schon immer wollte Anna-Lisa Malerin werden. Doch [&hellip;]<\/p>\n","protected":false},"author":1,"featured_media":28989,"comment_status":"closed","ping_status":"closed","sticky":false,"template":"","format":"standard","meta":{"_et_pb_use_builder":"","_et_pb_old_content":"","_et_gb_content_width":"","footnotes":""},"categories":[22],"tags":[68],"class_list":["post-28988","post","type-post","status-publish","format-standard","has-post-thumbnail","hentry","category-romantik","tag-patricia-koelle"],"_links":{"self":[{"href":"https:\/\/www.buecherserien.de\/de\/wp-json\/wp\/v2\/posts\/28988","targetHints":{"allow":["GET"]}}],"collection":[{"href":"https:\/\/www.buecherserien.de\/de\/wp-json\/wp\/v2\/posts"}],"about":[{"href":"https:\/\/www.buecherserien.de\/de\/wp-json\/wp\/v2\/types\/post"}],"author":[{"embeddable":true,"href":"https:\/\/www.buecherserien.de\/de\/wp-json\/wp\/v2\/users\/1"}],"replies":[{"embeddable":true,"href":"https:\/\/www.buecherserien.de\/de\/wp-json\/wp\/v2\/comments?post=28988"}],"version-history":[{"count":1,"href":"https:\/\/www.buecherserien.de\/de\/wp-json\/wp\/v2\/posts\/28988\/revisions"}],"predecessor-version":[{"id":28990,"href":"https:\/\/www.buecherserien.de\/de\/wp-json\/wp\/v2\/posts\/28988\/revisions\/28990"}],"wp:featuredmedia":[{"embeddable":true,"href":"https:\/\/www.buecherserien.de\/de\/wp-json\/wp\/v2\/media\/28989"}],"wp:attachment":[{"href":"https:\/\/www.buecherserien.de\/de\/wp-json\/wp\/v2\/media?parent=28988"}],"wp:term":[{"taxonomy":"category","embeddable":true,"href":"https:\/\/www.buecherserien.de\/de\/wp-json\/wp\/v2\/categories?post=28988"},{"taxonomy":"post_tag","embeddable":true,"href":"https:\/\/www.buecherserien.de\/de\/wp-json\/wp\/v2\/tags?post=28988"}],"curies":[{"name":"wp","href":"https:\/\/api.w.org\/{rel}","templated":true}]}}