{"id":28248,"date":"2023-11-23T13:14:19","date_gmt":"2023-11-23T12:14:19","guid":{"rendered":"https:\/\/www.buecherserien.de\/de\/?p=28248"},"modified":"2023-11-23T13:14:19","modified_gmt":"2023-11-23T12:14:19","slug":"ildiko-von-kuerthy-eine-halbe-ewigkeit","status":"publish","type":"post","link":"https:\/\/www.buecherserien.de\/de\/ildiko-von-kuerthy-eine-halbe-ewigkeit\/","title":{"rendered":"Ildik\u00f3 von K\u00fcrthy: Eine halbe Ewigkeit"},"content":{"rendered":"<div id=\"buv\">\n<p>Der Roman &#8222;Eine halbe Ewigkeit&#8220; ist der 2. Band der Cora H\u00fcbsch-Reihe von der deutschen Autorin <a title=\"B\u00fccher von Ildik\u00f3 von K\u00fcrthy\" href=\"https:\/\/www.buecherserien.de\/ildiko-von-kuerthy\/\">Ildik\u00f3 von K\u00fcrthy<\/a>.<\/p>\n<ul>\n<li>Titel bestellen bei:<\/li>\n<li class=\"buv_am\"><a title=\"Amazon.de\" href=\"https:\/\/www.amazon.de\/dp\/B0CCXB3L9V\/ref=nosim?tag=buecherserien-21\">Amazon<\/a><\/li>\n<li class=\"buv_th\"><a title=\"Thalia.de\" href=\"https:\/\/www.awin1.com\/cread.php?awinmid=14158&amp;awinaffid=644643&amp;ued=https%3A%2F%2Fwww.thalia.de%2Fshop%2Fhome%2Fartikeldetails%2FEAN9783644014251\">Thalia<\/a><\/li>\n<li class=\"buv_hu\"><a title=\"Hugendubel.de\" href=\"https:\/\/clk.tradedoubler.com\/click?p=249407&#038;a=3222251&#038;url=https%3A%2F%2Fwww.hugendubel.de%2Fde%2Fproduct%3Fid%3D9783644014251\">Hugendubel<\/a><\/li>\n<li class=\"buv_eb\"><a title=\"eBook.de\" href=\"https:\/\/clk.tradedoubler.com\/click?p=324630&#038;a=3222251&#038;url=https%3A%2F%2Fwww.ebook.de%2Fde%2Fproduct%3Fid%3D9783644014251\">eBook.de<\/a><\/li>\n<\/ul>\n<ol>\n<li><strong>Infos \u00fcber das Buch:<\/strong><\/li>\n<li><strong>Serie:<\/strong> Cora H\u00fcbsch 2<\/li>\n<li><strong>Verlag:<\/strong> Wunderlich<\/li>\n<li><strong>Seiten:<\/strong> 320<\/li>\n<li><strong>Ver\u00f6ffentlichung:<\/strong> 5.12.2023<\/li>\n<li><strong>Formate:<\/strong> Buch, eBook, H\u00f6rbuch<\/li>\n<li><strong>Buch-ISBN:<\/strong>\u200e\u200e 9783805201018<\/li>\n<\/ol>\n<div class=\"clearfix\"><\/div>\n<div class=\"buech-content-tipps\" id=\"buech-3572545193\"><p>Oder gebraucht suchen bei <a href=\"https:\/\/www.awin1.com\/awclick.php?gid=362166&mid=11364&awinaffid=644643&linkid=2376078&clickref=\">Medimops<\/a>.<\/p><\/div><h2>Inhaltsangabe von &#8222;Eine halbe Ewigkeit&#8220;:<\/h2>\n<p><img loading=\"lazy\" decoding=\"async\" src=\"https:\/\/www.buecherserien.de\/de\/wp-content\/uploads\/ildiko-von-kuerthy-cora-2.jpg\" alt=\"Eine halbe Ewigkeit von Ildik\u00f3 von K\u00fcrthy\" width=\"250\" height=\"400\" \/>Vor 25 Jahren schrieb Ildik\u00f3 von K\u00fcrthy ihren ersten Roman, &#8222;Mondscheintarif&#8220;. Nun ist die Heldin von damals zur\u00fcck.<\/p>\n<p>Sie ist auf der Flucht vor ihren Erinnerungen. Schon seit einer halben Ewigkeit. Bis ihr ein altes Tagebuch in die H\u00e4nde f\u00e4llt. Es hatte ein Happy End. Doch das Leben ging weiter. Sie hei\u00dft Cora H\u00fcbsch, ihre Kinder sind gro\u00df, und ihre Ehe ist gebrechlich. Zu viel Alltag, zu wenig Abenteuer. Aber an diesem Wochenende spielt ihr Leben verr\u00fcckt: das vertauschte Kleid, die alte Schuld, die schemenhafte Gestalt auf dem Foto. Ist das Zufall? Oder eine letzte Chance?<\/p>\n<div class=\"clearfix\"><\/div>\n<p id=\"buv_back_single\"><a href=\"https:\/\/www.buecherserien.de\/ildiko-von-kuerthy\/\">Zur\u00fcck zur Autorenseite<\/a><\/p>\n<\/div>","protected":false},"excerpt":{"rendered":"<p>Der Roman &#8222;Eine halbe Ewigkeit&#8220; ist der 2. Band der Cora H\u00fcbsch-Reihe von der deutschen Autorin Ildik\u00f3 von K\u00fcrthy. Titel bestellen bei: Amazon Thalia Hugendubel eBook.de Infos \u00fcber das Buch: Serie: Cora H\u00fcbsch 2 Verlag: Wunderlich Seiten: 320 Ver\u00f6ffentlichung: 5.12.2023 Formate: Buch, eBook, H\u00f6rbuch Buch-ISBN:\u200e\u200e 9783805201018 Inhaltsangabe von &#8222;Eine halbe Ewigkeit&#8220;: Vor 25 Jahren schrieb [&hellip;]<\/p>\n","protected":false},"author":1,"featured_media":28249,"comment_status":"open","ping_status":"closed","sticky":false,"template":"","format":"standard","meta":{"_et_pb_use_builder":"","_et_pb_old_content":"","_et_gb_content_width":"","footnotes":""},"categories":[22],"tags":[613],"class_list":["post-28248","post","type-post","status-publish","format-standard","has-post-thumbnail","hentry","category-romantik","tag-ildiko-von-kuerthy"],"_links":{"self":[{"href":"https:\/\/www.buecherserien.de\/de\/wp-json\/wp\/v2\/posts\/28248","targetHints":{"allow":["GET"]}}],"collection":[{"href":"https:\/\/www.buecherserien.de\/de\/wp-json\/wp\/v2\/posts"}],"about":[{"href":"https:\/\/www.buecherserien.de\/de\/wp-json\/wp\/v2\/types\/post"}],"author":[{"embeddable":true,"href":"https:\/\/www.buecherserien.de\/de\/wp-json\/wp\/v2\/users\/1"}],"replies":[{"embeddable":true,"href":"https:\/\/www.buecherserien.de\/de\/wp-json\/wp\/v2\/comments?post=28248"}],"version-history":[{"count":0,"href":"https:\/\/www.buecherserien.de\/de\/wp-json\/wp\/v2\/posts\/28248\/revisions"}],"wp:featuredmedia":[{"embeddable":true,"href":"https:\/\/www.buecherserien.de\/de\/wp-json\/wp\/v2\/media\/28249"}],"wp:attachment":[{"href":"https:\/\/www.buecherserien.de\/de\/wp-json\/wp\/v2\/media?parent=28248"}],"wp:term":[{"taxonomy":"category","embeddable":true,"href":"https:\/\/www.buecherserien.de\/de\/wp-json\/wp\/v2\/categories?post=28248"},{"taxonomy":"post_tag","embeddable":true,"href":"https:\/\/www.buecherserien.de\/de\/wp-json\/wp\/v2\/tags?post=28248"}],"curies":[{"name":"wp","href":"https:\/\/api.w.org\/{rel}","templated":true}]}}