{"id":27722,"date":"2023-09-09T12:42:31","date_gmt":"2023-09-09T10:42:31","guid":{"rendered":"https:\/\/www.buecherserien.de\/de\/?p=27722"},"modified":"2024-03-27T10:58:58","modified_gmt":"2024-03-27T09:58:58","slug":"freya-jueptner-vanessa-die-amazone","status":"publish","type":"post","link":"https:\/\/www.buecherserien.de\/de\/freya-jueptner-vanessa-die-amazone\/","title":{"rendered":"Freya J\u00fcptner: Vanessa: Die Amazone"},"content":{"rendered":"<div id=\"buv\">\n<p>Der Fantasyroman &#8222;Vanessa : Die Amazone&#8220; ist der 4. Band der Reihe &#8222;Aemilia &#8211; Tochter der Victoria&#8220; von der deutschen Autorin <a title=\"B\u00fccher von Freya J\u00fcptner\" href=\"https:\/\/www.buecherserien.de\/freya-jueptner\/\">Freya J\u00fcptner<\/a>.<\/p>\n<ul>\n<li>Titel bestellen bei:<\/li>\n<li class=\"buv_am\"><a title=\"Amazon.de\" href=\"https:\/\/www.amazon.de\/dp\/B0BRDCF8TC\/ref=nosim?tag=buecherserien-21\">Amazon<\/a><\/li>\n<\/ul>\n<ol>\n<li><strong>Infos \u00fcber das Buch:<\/strong><\/li>\n<li><strong>Serie:<\/strong> Aemilia 4<\/li>\n<li><strong>Verlag:<\/strong> Independently published<\/li>\n<li><strong>Seiten:<\/strong> &#8212;<\/li>\n<li><strong>Ver\u00f6ffentlichung:<\/strong> 21.9.2023<\/li>\n<li><strong>Formate:<\/strong> eBook<\/li>\n<li><strong>Buch-ISBN:<\/strong> &#8212;<\/li>\n<\/ol>\n<div class=\"clearfix\"><\/div>\n<div class=\"buech-content-tipps\" id=\"buech-3286517091\"><p>Oder gebraucht suchen bei <a href=\"https:\/\/www.awin1.com\/awclick.php?gid=362166&mid=11364&awinaffid=644643&linkid=2376078&clickref=\">Medimops<\/a>.<\/p><\/div><h2>Inhaltsangabe von &#8222;Vanessa : Die Amazone&#8220;:<\/h2>\n<p><img loading=\"lazy\" decoding=\"async\" src=\"https:\/\/www.buecherserien.de\/de\/wp-content\/uploads\/freya-jueptner-aemilia-4.jpg\" alt=\"Vanessa : Die Amazone von Freya J\u00fcptner\" width=\"250\" height=\"400\" \/>Ich sitze auf dem Pausenhof des Gymnasiums in Waren an der M\u00fcritz. Meine Mitsch\u00fclerinnen der Untersekunda tauschen sich schw\u00e4rmend \u00fcber die Jungs aus, welche sich gegenseitig im cool Aussehen \u00fcbertrumpfen wollen. Besonders Thoralf und Aslan posen um die Wette. Ich halte einen Finger zwischen die Seiten meines Buches und bem\u00fche mich interessiert auszusehen.<\/p>\n<p>Ein moderner Jeansrock, mit stylischem Top kommt in mein Blickfeld. \u201eDie Odyssee? Echt jetzt? Du bist solch ein Nerd.\u201c Charlotte, unsere Bienenk\u00f6nigin, setzt sich neben mich. Die Augen verdrehend verziehe ich den Mund. \u201eNicht jeder kann seinen Lebensinhalt in der Mode suchen.\u201c Sie st\u00f6\u00dft mich an. \u201eH\u00f6r mal du Zwerg. 1,57m, im Flop. Das hat einen ziemlichen Wirbel verursacht.\u201c Ich stupse zur\u00fcck. \u201eDeinen genialen Ritt letztes Wochenende hat nur kaum jemand bemerkt.\u201c, kontere ich. Sie war mit ihrem Hanno wie eine wahre G\u00f6ttin \u00fcber die Hindernisse geflogen.<\/p>\n<p>Charlotte nickt nachdenklich und betrachtet meine Beine, die in einer ausgeblichenen Jeans stecken. \u201eDir ist schon klar, dass das heute nicht normal war?\u201c Ich schweige verlegen. Seit Wochen sp\u00fcre ich eine unnormale Energie und Kraft in mir. Ich habe es bemerkt als ich neulich vom Stall heimgejoggt bin. Ich habe deutlich weniger Zeit als \u00fcblich ben\u00f6tigt.<\/p>\n<div class=\"clearfix\"><\/div>\n<p id=\"buv_back_single\"><a href=\"https:\/\/www.buecherserien.de\/freya-jueptner\/\">Zur\u00fcck zur Autorenseite<\/a><\/p>\n<\/div>","protected":false},"excerpt":{"rendered":"<p>Der Fantasyroman &#8222;Vanessa : Die Amazone&#8220; ist der 4. Band der Reihe &#8222;Aemilia &#8211; Tochter der Victoria&#8220; von der deutschen Autorin Freya J\u00fcptner. Titel bestellen bei: Amazon Infos \u00fcber das Buch: Serie: Aemilia 4 Verlag: Independently published Seiten: &#8212; Ver\u00f6ffentlichung: 21.9.2023 Formate: eBook Buch-ISBN: &#8212; Inhaltsangabe von &#8222;Vanessa : Die Amazone&#8220;: Ich sitze auf dem [&hellip;]<\/p>\n","protected":false},"author":1,"featured_media":27724,"comment_status":"closed","ping_status":"closed","sticky":false,"template":"","format":"standard","meta":{"_et_pb_use_builder":"","_et_pb_old_content":"","_et_gb_content_width":"","footnotes":""},"categories":[17],"tags":[494],"class_list":["post-27722","post","type-post","status-publish","format-standard","has-post-thumbnail","hentry","category-fantasy","tag-freya-jueptner"],"_links":{"self":[{"href":"https:\/\/www.buecherserien.de\/de\/wp-json\/wp\/v2\/posts\/27722","targetHints":{"allow":["GET"]}}],"collection":[{"href":"https:\/\/www.buecherserien.de\/de\/wp-json\/wp\/v2\/posts"}],"about":[{"href":"https:\/\/www.buecherserien.de\/de\/wp-json\/wp\/v2\/types\/post"}],"author":[{"embeddable":true,"href":"https:\/\/www.buecherserien.de\/de\/wp-json\/wp\/v2\/users\/1"}],"replies":[{"embeddable":true,"href":"https:\/\/www.buecherserien.de\/de\/wp-json\/wp\/v2\/comments?post=27722"}],"version-history":[{"count":1,"href":"https:\/\/www.buecherserien.de\/de\/wp-json\/wp\/v2\/posts\/27722\/revisions"}],"predecessor-version":[{"id":29519,"href":"https:\/\/www.buecherserien.de\/de\/wp-json\/wp\/v2\/posts\/27722\/revisions\/29519"}],"wp:featuredmedia":[{"embeddable":true,"href":"https:\/\/www.buecherserien.de\/de\/wp-json\/wp\/v2\/media\/27724"}],"wp:attachment":[{"href":"https:\/\/www.buecherserien.de\/de\/wp-json\/wp\/v2\/media?parent=27722"}],"wp:term":[{"taxonomy":"category","embeddable":true,"href":"https:\/\/www.buecherserien.de\/de\/wp-json\/wp\/v2\/categories?post=27722"},{"taxonomy":"post_tag","embeddable":true,"href":"https:\/\/www.buecherserien.de\/de\/wp-json\/wp\/v2\/tags?post=27722"}],"curies":[{"name":"wp","href":"https:\/\/api.w.org\/{rel}","templated":true}]}}