{"id":27565,"date":"2023-07-31T11:45:19","date_gmt":"2023-07-31T09:45:19","guid":{"rendered":"https:\/\/www.buecherserien.de\/de\/?p=27565"},"modified":"2023-07-31T11:45:19","modified_gmt":"2023-07-31T09:45:19","slug":"tom-hillenbrand-die-erfindung-des-laechelns","status":"publish","type":"post","link":"https:\/\/www.buecherserien.de\/de\/tom-hillenbrand-die-erfindung-des-laechelns\/","title":{"rendered":"Tom Hillenbrand: Die Erfindung des L\u00e4chelns"},"content":{"rendered":"<div id=\"buv\">\n<p>Das Buch &#8222;Die Erfindung des L\u00e4chelns&#8220; ist ein historischer Roman von dem deutschen Autor <a title=\"B\u00fccher von Tom Hillenbrand\" href=\"https:\/\/www.buecherserien.de\/tom-hillenbrand\/\">Tom Hillenbrand<\/a>.<\/p>\n<ul>\n<li>Titel bestellen bei:<\/li>\n<li class=\"buv_am\"><a title=\"Amazon.de\" href=\"https:\/\/www.amazon.de\/dp\/B0C26HRTY1\/ref=nosim?tag=buecherserien-21\">Amazon<\/a><\/li>\n<li class=\"buv_th\"><a title=\"Thalia.de\" href=\"https:\/\/www.awin1.com\/cread.php?awinmid=14158&amp;awinaffid=644643&amp;ued=https%3A%2F%2Fwww.thalia.de%2Fshop%2Fhome%2Fartikeldetails%2FEAN9783462310351\">Thalia<\/a><\/li>\n<li class=\"buv_hu\"><a title=\"Hugendubel.de\" href=\"https:\/\/clk.tradedoubler.com\/click?p=249407&#038;a=3222251&#038;url=https%3A%2F%2Fwww.hugendubel.de%2Fde%2Fproduct%3Fid%3D9783462310351\">Hugendubel<\/a><\/li>\n<li class=\"buv_eb\"><a title=\"eBook.de\" href=\"https:\/\/clk.tradedoubler.com\/click?p=324630&#038;a=3222251&#038;url=https%3A%2F%2Fwww.ebook.de%2Fde%2Fproduct%3Fid%3D9783462310351\">eBook.de<\/a><\/li>\n<\/ul>\n<ol>\n<li><strong>Infos \u00fcber das Buch:<\/strong><\/li>\n<li><strong>Serie:<\/strong> Keine<\/li>\n<li><strong>Verlag:<\/strong> KiWi<\/li>\n<li><strong>Seiten:<\/strong> 512<\/li>\n<li><strong>Ver\u00f6ffentlichung:<\/strong> 7.9.2023<\/li>\n<li><strong>Formate:<\/strong> Buch, eBook, H\u00f6rbuch<\/li>\n<li><strong>Buch-ISBN:<\/strong>\u200e\u200e 9783462003284<\/li>\n<\/ol>\n<div class=\"clearfix\"><\/div>\n<div class=\"buech-content-tipps\" id=\"buech-2657447133\"><p>Oder gebraucht suchen bei <a href=\"https:\/\/www.awin1.com\/awclick.php?gid=362166&mid=11364&awinaffid=644643&linkid=2376078&clickref=\">Medimops<\/a>.<\/p><\/div><h2>Inhaltsangabe von &#8222;Die Erfindung des L\u00e4chelns&#8220;:<\/h2>\n<p><img loading=\"lazy\" decoding=\"async\" src=\"https:\/\/www.buecherserien.de\/de\/wp-content\/uploads\/tom-hillenbrand-1005.jpg\" alt=\"Die Erfindung des L\u00e4chelns von Tom Hillenbrand\" width=\"250\" height=\"400\" \/>Als der Pariser Louvre am 22. August 1911 seine Pforten \u00f6ffnet, fehlt im Salon Carr\u00e9 ein Gem\u00e4lde: Leonardo da Vincis \u00bbMona Lisa\u00ab. Sofort versetzt der Polizeipr\u00e4fekt seine M\u00e4nner in h\u00f6chste Alarmbereitschaft, l\u00e4sst Stra\u00dfen, Bahnh\u00f6fe und sogar H\u00e4fen sperren. Doch es ist zu sp\u00e4t. La Joconde ist verschwunden. Juhel Lenoir von der Pariser Polizei soll es finden \u2013 und die Welt schaut ihm dabei zu \u2026<\/p>\n<p>Commissaire Lenoir lebt in der aufregendsten Stadt der Welt \u2013 und bekommt den schwierigsten Auftrag, den er sich vorstellen kann: das Bild zu finden, das die Welt bet\u00f6rt. Wen hat die \u00bbMona Lisa\u00ab so sehr bezirzt, dass er nicht mehr ohne sie leben konnte? Auf seiner Jagd trifft der Ermittler auf den Maler Pablo Picasso und den Dichter Guillaume Apollinaire, die Ausdruckst\u00e4nzerin Isadora Duncan und ihren Guru, den Satanisten Aleister Crowley, die Musiker Igor Strawinsky und Claude Debussy, die brutalen Anarchisten der Bonnot-Bande und Frankreichs gr\u00f6\u00dften Detektiv, Alphonse Bertillon, den \u00bblebenden Sherlock Holmes\u00ab. Wer von ihnen ist in die Geschichte des verschwundenen Bildes verwickelt? <\/p>\n<p>Die Suche nach der \u00bbMona Lisa\u00ab f\u00fchrt durch das Paris der ausgehenden Belle \u00c9poque, durch K\u00fcnstlercaf\u00e9s auf dem Montmartre, in die Op\u00e9ra Garnier, zu dekadenten Grandes F\u00eates im Bois de Boulogne und in absinthgetr\u00e4nkte Spelunken an der Place Pigalle. Dieser historische Roman ist gleichzeitig Detektivroman und Gem\u00e4lde einer \u00c4ra, in der Paris das Zentrum der Welt war.<\/p>\n<div class=\"clearfix\"><\/div>\n<p id=\"buv_back_single\"><a href=\"https:\/\/www.buecherserien.de\/tom-hillenbrand\/\">Zur\u00fcck zur Autorenseite<\/a><\/p>\n<\/div>","protected":false},"excerpt":{"rendered":"<p>Das Buch &#8222;Die Erfindung des L\u00e4chelns&#8220; ist ein historischer Roman von dem deutschen Autor Tom Hillenbrand. Titel bestellen bei: Amazon Thalia Hugendubel eBook.de Infos \u00fcber das Buch: Serie: Keine Verlag: KiWi Seiten: 512 Ver\u00f6ffentlichung: 7.9.2023 Formate: Buch, eBook, H\u00f6rbuch Buch-ISBN:\u200e\u200e 9783462003284 Inhaltsangabe von &#8222;Die Erfindung des L\u00e4chelns&#8220;: Als der Pariser Louvre am 22. August 1911 [&hellip;]<\/p>\n","protected":false},"author":1,"featured_media":27566,"comment_status":"open","ping_status":"closed","sticky":false,"template":"","format":"standard","meta":{"_et_pb_use_builder":"","_et_pb_old_content":"","_et_gb_content_width":"","footnotes":""},"categories":[20],"tags":[185],"class_list":["post-27565","post","type-post","status-publish","format-standard","has-post-thumbnail","hentry","category-historische-romane","tag-tom-hillenbrand"],"_links":{"self":[{"href":"https:\/\/www.buecherserien.de\/de\/wp-json\/wp\/v2\/posts\/27565","targetHints":{"allow":["GET"]}}],"collection":[{"href":"https:\/\/www.buecherserien.de\/de\/wp-json\/wp\/v2\/posts"}],"about":[{"href":"https:\/\/www.buecherserien.de\/de\/wp-json\/wp\/v2\/types\/post"}],"author":[{"embeddable":true,"href":"https:\/\/www.buecherserien.de\/de\/wp-json\/wp\/v2\/users\/1"}],"replies":[{"embeddable":true,"href":"https:\/\/www.buecherserien.de\/de\/wp-json\/wp\/v2\/comments?post=27565"}],"version-history":[{"count":0,"href":"https:\/\/www.buecherserien.de\/de\/wp-json\/wp\/v2\/posts\/27565\/revisions"}],"wp:featuredmedia":[{"embeddable":true,"href":"https:\/\/www.buecherserien.de\/de\/wp-json\/wp\/v2\/media\/27566"}],"wp:attachment":[{"href":"https:\/\/www.buecherserien.de\/de\/wp-json\/wp\/v2\/media?parent=27565"}],"wp:term":[{"taxonomy":"category","embeddable":true,"href":"https:\/\/www.buecherserien.de\/de\/wp-json\/wp\/v2\/categories?post=27565"},{"taxonomy":"post_tag","embeddable":true,"href":"https:\/\/www.buecherserien.de\/de\/wp-json\/wp\/v2\/tags?post=27565"}],"curies":[{"name":"wp","href":"https:\/\/api.w.org\/{rel}","templated":true}]}}