{"id":27274,"date":"2023-07-04T11:57:14","date_gmt":"2023-07-04T09:57:14","guid":{"rendered":"https:\/\/www.buecherserien.de\/de\/?p=27274"},"modified":"2023-07-04T11:57:14","modified_gmt":"2023-07-04T09:57:14","slug":"hjorth-rosenfeldt-die-schuld-die-man-traegt","status":"publish","type":"post","link":"https:\/\/www.buecherserien.de\/de\/hjorth-rosenfeldt-die-schuld-die-man-traegt\/","title":{"rendered":"Hjorth und Rosenfeldt: Die Schuld, die man tr\u00e4gt"},"content":{"rendered":"<div id=\"buv\">\n<p>Der Kriminalroman &#8222;Die Schuld, die man tr\u00e4gt&#8220; ist der 8. Band der Sebastian Bergman-Reihe von den Autoren <a title=\"B\u00fccher von Michael Hjorth und Hans Rosenfeldt\" href=\"https:\/\/www.buecherserien.de\/hjorth-rosenfeldt\/\">Michael Hjorth und Hans Rosenfeldt<\/a>.<\/p>\n<ul>\n<li>Titel bestellen bei:<\/li>\n<li class=\"buv_am\"><a title=\"Amazon.de\" href=\"https:\/\/www.amazon.de\/dp\/B0C12Y9X5M\/ref=nosim?tag=buecherserien-21\">Amazon<\/a><\/li>\n<li class=\"buv_th\"><a title=\"Thalia.de\" href=\"https:\/\/www.awin1.com\/cread.php?awinmid=14158&amp;awinaffid=644643&amp;ued=https%3A%2F%2Fwww.thalia.de%2Fshop%2Fhome%2Fartikeldetails%2FEAN9783644012028\">Thalia<\/a><\/li>\n<li class=\"buv_hu\"><a title=\"Hugendubel.de\" href=\"https:\/\/clk.tradedoubler.com\/click?p=249407&#038;a=3222251&#038;url=https%3A%2F%2Fwww.hugendubel.de%2Fde%2Fproduct%3Fid%3D9783644012028\">Hugendubel<\/a><\/li>\n<li class=\"buv_eb\"><a title=\"eBook.de\" href=\"https:\/\/clk.tradedoubler.com\/click?p=324630&#038;a=3222251&#038;url=https%3A%2F%2Fwww.ebook.de%2Fde%2Fproduct%3Fid%3D9783644012028\">eBook.de<\/a><\/li>\n<\/ul>\n<ol>\n<li><strong>Infos \u00fcber das Buch:<\/strong><\/li>\n<li><strong>Serie:<\/strong> Sebastian Bergman 8<\/li>\n<li><strong>Verlag:<\/strong> Wunderlich<\/li>\n<li><strong>Seiten:<\/strong> 560<\/li>\n<li><strong>Ver\u00f6ffentlichung:<\/strong> 28.11.2023<\/li>\n<li><strong>Formate:<\/strong> Buch, eBook, H\u00f6rbuch<\/li>\n<li><strong>Buch-ISBN:<\/strong>\u200e\u200e 9783805200943<\/li>\n<\/ol>\n<div class=\"clearfix\"><\/div>\n<div class=\"buech-content-tipps\" id=\"buech-252419193\"><p>Oder gebraucht suchen bei <a href=\"https:\/\/www.awin1.com\/awclick.php?gid=362166&mid=11364&awinaffid=644643&linkid=2376078&clickref=\">Medimops<\/a>.<\/p><\/div><h2>Inhaltsangabe von &#8222;Die Schuld, die man tr\u00e4gt&#8220;:<\/h2>\n<p><img loading=\"lazy\" decoding=\"async\" src=\"https:\/\/www.buecherserien.de\/de\/wp-content\/uploads\/hjorth-rosenfeldt-bergman-8.jpg\" alt=\"Die Schuld, die man tr\u00e4gt von Michael Hjorth und Hans Rosenfeldt\" width=\"250\" height=\"400\" \/>Sebastian Bergman geht es nicht besonders gut \u2013 sein australischer Klient Tim ist verstorben. Beide M\u00e4nner verloren beim Tsunami 2004 ein Kind, hatten viele Gemeinsamkeiten. Vielleicht kreuzten sich damals sogar die Wege von Tim und Sebastians Tochter Sabine, die nie gefunden wurde. Doch nun wird Sebastian es nie erfahren.<\/p>\n<p>Nachdem bei der Reichsmordkommission ein Kollege als M\u00f6rder entlarvt wurde, soll die Sondereinheit unter Leitung von Sebastians Tochter Vanja Lithner aufgel\u00f6st werden. Da erh\u00e4lt sie einen Anruf: Eine Frau wurde au\u00dferhalb von V\u00e4ster\u00e5s ermordet aufgefunden, in einem Schweinemastbetrieb. An die Stallwand hat jemand in blutroten Buchstaben geschrieben: \u00abL\u00f6se den Fall, Sebastian Bergman!\u00bb.<\/p>\n<p>Vanja trommelt die verbliebenen Mitglieder des Teams zusammen. Um jeden Preis will sie den Fall aufkl\u00e4ren und den Ruf der Reichsmordkommission retten. Doch dazu braucht sie Sebastians Hilfe.<\/p>\n<div class=\"clearfix\"><\/div>\n<p id=\"buv_back_single\"><a href=\"https:\/\/www.buecherserien.de\/hjorth-rosenfeldt\/\">Zur\u00fcck zur Autorenseite<\/a><\/p>\n<\/div>","protected":false},"excerpt":{"rendered":"<p>Der Kriminalroman &#8222;Die Schuld, die man tr\u00e4gt&#8220; ist der 8. Band der Sebastian Bergman-Reihe von den Autoren Michael Hjorth und Hans Rosenfeldt. Titel bestellen bei: Amazon Thalia Hugendubel eBook.de Infos \u00fcber das Buch: Serie: Sebastian Bergman 8 Verlag: Wunderlich Seiten: 560 Ver\u00f6ffentlichung: 28.11.2023 Formate: Buch, eBook, H\u00f6rbuch Buch-ISBN:\u200e\u200e 9783805200943 Inhaltsangabe von &#8222;Die Schuld, die man [&hellip;]<\/p>\n","protected":false},"author":1,"featured_media":27275,"comment_status":"open","ping_status":"closed","sticky":false,"template":"","format":"standard","meta":{"_et_pb_use_builder":"","_et_pb_old_content":"","_et_gb_content_width":"","footnotes":""},"categories":[18],"tags":[175,174],"class_list":["post-27274","post","type-post","status-publish","format-standard","has-post-thumbnail","hentry","category-krimi-thriller","tag-hans-rosenfeldt","tag-michael-hjorth"],"_links":{"self":[{"href":"https:\/\/www.buecherserien.de\/de\/wp-json\/wp\/v2\/posts\/27274","targetHints":{"allow":["GET"]}}],"collection":[{"href":"https:\/\/www.buecherserien.de\/de\/wp-json\/wp\/v2\/posts"}],"about":[{"href":"https:\/\/www.buecherserien.de\/de\/wp-json\/wp\/v2\/types\/post"}],"author":[{"embeddable":true,"href":"https:\/\/www.buecherserien.de\/de\/wp-json\/wp\/v2\/users\/1"}],"replies":[{"embeddable":true,"href":"https:\/\/www.buecherserien.de\/de\/wp-json\/wp\/v2\/comments?post=27274"}],"version-history":[{"count":0,"href":"https:\/\/www.buecherserien.de\/de\/wp-json\/wp\/v2\/posts\/27274\/revisions"}],"wp:featuredmedia":[{"embeddable":true,"href":"https:\/\/www.buecherserien.de\/de\/wp-json\/wp\/v2\/media\/27275"}],"wp:attachment":[{"href":"https:\/\/www.buecherserien.de\/de\/wp-json\/wp\/v2\/media?parent=27274"}],"wp:term":[{"taxonomy":"category","embeddable":true,"href":"https:\/\/www.buecherserien.de\/de\/wp-json\/wp\/v2\/categories?post=27274"},{"taxonomy":"post_tag","embeddable":true,"href":"https:\/\/www.buecherserien.de\/de\/wp-json\/wp\/v2\/tags?post=27274"}],"curies":[{"name":"wp","href":"https:\/\/api.w.org\/{rel}","templated":true}]}}