{"id":27153,"date":"2023-06-12T12:31:07","date_gmt":"2023-06-12T10:31:07","guid":{"rendered":"https:\/\/www.buecherserien.de\/de\/?p=27153"},"modified":"2023-06-12T12:31:07","modified_gmt":"2023-06-12T10:31:07","slug":"freya-jueptner-die-letzte-wandlung","status":"publish","type":"post","link":"https:\/\/www.buecherserien.de\/de\/freya-jueptner-die-letzte-wandlung\/","title":{"rendered":"Freya J\u00fcptner: Die letzte Wandlung"},"content":{"rendered":"<div id=\"buv\">\n<p>Der Fantasyroman &#8222;Die letzte Wandlung&#8220; ist der 5. Band der Reihe &#8222;Magic Crime and Defense&#8220; von der deutschen Autorin <a title=\"B\u00fccher von Freya J\u00fcptner\" href=\"https:\/\/www.buecherserien.de\/freya-jueptner\/\">Freya J\u00fcptner<\/a>.<\/p>\n<ul>\n<li>Titel bestellen bei:<\/li>\n<li class=\"buv_am\"><a title=\"Amazon.de\" href=\"https:\/\/www.amazon.de\/dp\/B0BC5TB4Z5\/ref=nosim?tag=buecherserien-21\">Amazon<\/a><\/li>\n<\/ul>\n<ol>\n<li><strong>Infos \u00fcber das Buch:<\/strong><\/li>\n<li><strong>Serie:<\/strong> Magic Crime and Defense 5<\/li>\n<li><strong>Verlag:<\/strong> Independently published<\/li>\n<li><strong>Seiten:<\/strong> &#8212;<\/li>\n<li><strong>Ver\u00f6ffentlichung:<\/strong> 21.6.2023<\/li>\n<li><strong>Formate:<\/strong> eBook<\/li>\n<li><strong>Buch-ISBN:<\/strong> &#8212;<\/li>\n<\/ol>\n<div class=\"clearfix\"><\/div>\n<div class=\"buech-content-tipps\" id=\"buech-870677010\"><p>Oder gebraucht suchen bei <a href=\"https:\/\/www.awin1.com\/awclick.php?gid=362166&mid=11364&awinaffid=644643&linkid=2376078&clickref=\">Medimops<\/a>.<\/p><\/div><h2>Inhaltsangabe von &#8222;Die letzte Wandlung&#8220;:<\/h2>\n<p><img loading=\"lazy\" decoding=\"async\" src=\"https:\/\/www.buecherserien.de\/de\/wp-content\/uploads\/freya-jueptner-magic-crime-5.jpg\" alt=\"Die letzte Wandlung von Freya J\u00fcptner\" width=\"250\" height=\"400\" \/>F\u00fcnf Jahre sind seit den K\u00e4mpfen mit den Besch\u00fctzern vergangen. Die gemeinsamen Verluste dieses Krieges haben die Menschen und magischen Arten n\u00e4her zueinander gef\u00fchrt. Die seit Jahren friedliche Situation erm\u00f6glicht Fiadh und Katya eine kleine Auszeit von der politischen B\u00fchne. W\u00e4hrend sich Yelena um die Kinder k\u00fcmmert, unternehmen sie mit Gunnar und Vivien einen Kurzurlaub auf Katyas neuer Yacht.<\/p>\n<p>Ein Sturm sp\u00fclt sie in den Hafen von Jersey, wo sich die regionalen Polizisten bald schon mit der Bitte um Unterst\u00fctzung an die ber\u00fchmten Ermittler wenden. Zwei deutsche Segler wurden regelrecht zerfetzt am Strand der kleinen Insel gefunden. Der schwere und anhaltende Sturm l\u00e4sst keinen Schiffs- und Luftverkehr f\u00fcr die kommenden Tage zu. Alle Vier freuen sich, der \u00f6rtlichen Polizei bei den Ermittlungen helfen zu k\u00f6nnen und so den Zwangsaufenthalt auf der Insel sinnvoll zu verbringen.<\/p>\n<div class=\"clearfix\"><\/div>\n<p id=\"buv_back_single\"><a href=\"https:\/\/www.buecherserien.de\/freya-jueptner\/\">Zur\u00fcck zur Autorenseite<\/a><\/p>\n<\/div>","protected":false},"excerpt":{"rendered":"<p>Der Fantasyroman &#8222;Die letzte Wandlung&#8220; ist der 5. Band der Reihe &#8222;Magic Crime and Defense&#8220; von der deutschen Autorin Freya J\u00fcptner. Titel bestellen bei: Amazon Infos \u00fcber das Buch: Serie: Magic Crime and Defense 5 Verlag: Independently published Seiten: &#8212; Ver\u00f6ffentlichung: 21.6.2023 Formate: eBook Buch-ISBN: &#8212; Inhaltsangabe von &#8222;Die letzte Wandlung&#8220;: F\u00fcnf Jahre sind seit [&hellip;]<\/p>\n","protected":false},"author":1,"featured_media":27154,"comment_status":"open","ping_status":"closed","sticky":false,"template":"","format":"standard","meta":{"_et_pb_use_builder":"","_et_pb_old_content":"","_et_gb_content_width":"","footnotes":""},"categories":[17],"tags":[494],"class_list":["post-27153","post","type-post","status-publish","format-standard","has-post-thumbnail","hentry","category-fantasy","tag-freya-jueptner"],"_links":{"self":[{"href":"https:\/\/www.buecherserien.de\/de\/wp-json\/wp\/v2\/posts\/27153","targetHints":{"allow":["GET"]}}],"collection":[{"href":"https:\/\/www.buecherserien.de\/de\/wp-json\/wp\/v2\/posts"}],"about":[{"href":"https:\/\/www.buecherserien.de\/de\/wp-json\/wp\/v2\/types\/post"}],"author":[{"embeddable":true,"href":"https:\/\/www.buecherserien.de\/de\/wp-json\/wp\/v2\/users\/1"}],"replies":[{"embeddable":true,"href":"https:\/\/www.buecherserien.de\/de\/wp-json\/wp\/v2\/comments?post=27153"}],"version-history":[{"count":0,"href":"https:\/\/www.buecherserien.de\/de\/wp-json\/wp\/v2\/posts\/27153\/revisions"}],"wp:featuredmedia":[{"embeddable":true,"href":"https:\/\/www.buecherserien.de\/de\/wp-json\/wp\/v2\/media\/27154"}],"wp:attachment":[{"href":"https:\/\/www.buecherserien.de\/de\/wp-json\/wp\/v2\/media?parent=27153"}],"wp:term":[{"taxonomy":"category","embeddable":true,"href":"https:\/\/www.buecherserien.de\/de\/wp-json\/wp\/v2\/categories?post=27153"},{"taxonomy":"post_tag","embeddable":true,"href":"https:\/\/www.buecherserien.de\/de\/wp-json\/wp\/v2\/tags?post=27153"}],"curies":[{"name":"wp","href":"https:\/\/api.w.org\/{rel}","templated":true}]}}