{"id":27097,"date":"2023-06-10T11:15:54","date_gmt":"2023-06-10T09:15:54","guid":{"rendered":"https:\/\/www.buecherserien.de\/de\/?p=27097"},"modified":"2023-06-10T11:15:54","modified_gmt":"2023-06-10T09:15:54","slug":"magnus-lassgard-das-giftige-blut-der-vaeter","status":"publish","type":"post","link":"https:\/\/www.buecherserien.de\/de\/magnus-lassgard-das-giftige-blut-der-vaeter\/","title":{"rendered":"Magnus Lassgard: Das giftige Blut der V\u00e4ter"},"content":{"rendered":"<div id=\"buv\">\n<p>Der Schweden-Krimi &#8222;Das giftige Blut der V\u00e4ter&#8220; ist der 4. Band der Bergqvist &#038; Lund-Reihe von dem Autor <a title=\"B\u00fccher von Magnus Lassgard\" href=\"https:\/\/www.buecherserien.de\/magnus-lassgard\/\">Magnus Lassgard<\/a>.<\/p>\n<ul>\n<li>Titel bestellen bei:<\/li>\n<li class=\"buv_am\"><a title=\"Amazon.de\" href=\"https:\/\/www.amazon.de\/dp\/B0C3T1CT84\/ref=nosim?tag=buecherserien-21\">Amazon<\/a><\/li>\n<\/ul>\n<ol>\n<li><strong>Infos \u00fcber das Buch:<\/strong><\/li>\n<li><strong>Serie:<\/strong> Bergqvist &#038; Lund 4<\/li>\n<li><strong>Verlag:<\/strong> Independently Published<\/li>\n<li><strong>Seiten:<\/strong> 432<\/li>\n<li><strong>Ver\u00f6ffentlichung:<\/strong> 22.6.2023<\/li>\n<li><strong>Formate:<\/strong> eBook<\/li>\n<li><strong>Buch-ISBN:<\/strong> &#8212;<\/li>\n<\/ol>\n<div class=\"clearfix\"><\/div>\n<div class=\"buech-content-tipps\" id=\"buech-662507686\"><p>Oder gebraucht suchen bei <a href=\"https:\/\/www.awin1.com\/awclick.php?gid=362166&mid=11364&awinaffid=644643&linkid=2376078&clickref=\">Medimops<\/a>.<\/p><\/div><h2>Inhaltsangabe von &#8222;Das giftige Blut der V\u00e4ter&#8220;:<\/h2>\n<p><img loading=\"lazy\" decoding=\"async\" src=\"https:\/\/www.buecherserien.de\/de\/wp-content\/uploads\/magnus-lassgard-bergqvist-lund-4.jpg\" alt=\"Das giftige Blut der V\u00e4ter von Magnus Lassgard\" width=\"250\" height=\"400\" \/>Die Entf\u00fchrung eines rechtspopulistischen Politikers gibt R\u00e4tsel auf und ruft die Presse auf den Plan. Die Umst\u00e4nde sind r\u00e4tselhaft und widerspr\u00fcchlich. Und die Spur f\u00fchrt in eine Richtung, die niemand untersuchen m\u00f6chte.<br \/>\nDas Verschwinden eines dunkelh\u00e4utigen Jungen am helllichten Tag erscheint zun\u00e4chst nicht relevant \u2013 aber die Spur f\u00fchrt in eine Richtung, die die Presse auf den Plan ruft.<\/p>\n<p>Obwohl Arvid Forsberg krank ist, verbei\u00dft er sich in den Fall. Aus pers\u00f6nlichen Gr\u00fcnden. Stolz, Erinnerungen an die beste Zeit seines Lebens und Gerechtigkeitsempfinden treiben ihn tiefer und tiefer in eine Ermittlung, die ihn mit jedem Tag mehr gef\u00e4hrdet. Und dann wird pl\u00f6tzlich eine Tote gefunden, die in diesem Fall nicht vorgesehen war &#8230;<\/p>\n<div class=\"clearfix\"><\/div>\n<p id=\"buv_back_single\"><a href=\"https:\/\/www.buecherserien.de\/magnus-lassgard\/\">Zur\u00fcck zur Autorenseite<\/a><\/p>\n<\/div>","protected":false},"excerpt":{"rendered":"<p>Der Schweden-Krimi &#8222;Das giftige Blut der V\u00e4ter&#8220; ist der 4. Band der Bergqvist &#038; Lund-Reihe von dem Autor Magnus Lassgard. Titel bestellen bei: Amazon Infos \u00fcber das Buch: Serie: Bergqvist &#038; Lund 4 Verlag: Independently Published Seiten: 432 Ver\u00f6ffentlichung: 22.6.2023 Formate: eBook Buch-ISBN: &#8212; Inhaltsangabe von &#8222;Das giftige Blut der V\u00e4ter&#8220;: Die Entf\u00fchrung eines rechtspopulistischen [&hellip;]<\/p>\n","protected":false},"author":1,"featured_media":27098,"comment_status":"open","ping_status":"closed","sticky":false,"template":"","format":"standard","meta":{"_et_pb_use_builder":"","_et_pb_old_content":"","_et_gb_content_width":"","footnotes":""},"categories":[18],"tags":[72],"class_list":["post-27097","post","type-post","status-publish","format-standard","has-post-thumbnail","hentry","category-krimi-thriller","tag-magnus-lassgard"],"_links":{"self":[{"href":"https:\/\/www.buecherserien.de\/de\/wp-json\/wp\/v2\/posts\/27097","targetHints":{"allow":["GET"]}}],"collection":[{"href":"https:\/\/www.buecherserien.de\/de\/wp-json\/wp\/v2\/posts"}],"about":[{"href":"https:\/\/www.buecherserien.de\/de\/wp-json\/wp\/v2\/types\/post"}],"author":[{"embeddable":true,"href":"https:\/\/www.buecherserien.de\/de\/wp-json\/wp\/v2\/users\/1"}],"replies":[{"embeddable":true,"href":"https:\/\/www.buecherserien.de\/de\/wp-json\/wp\/v2\/comments?post=27097"}],"version-history":[{"count":0,"href":"https:\/\/www.buecherserien.de\/de\/wp-json\/wp\/v2\/posts\/27097\/revisions"}],"wp:featuredmedia":[{"embeddable":true,"href":"https:\/\/www.buecherserien.de\/de\/wp-json\/wp\/v2\/media\/27098"}],"wp:attachment":[{"href":"https:\/\/www.buecherserien.de\/de\/wp-json\/wp\/v2\/media?parent=27097"}],"wp:term":[{"taxonomy":"category","embeddable":true,"href":"https:\/\/www.buecherserien.de\/de\/wp-json\/wp\/v2\/categories?post=27097"},{"taxonomy":"post_tag","embeddable":true,"href":"https:\/\/www.buecherserien.de\/de\/wp-json\/wp\/v2\/tags?post=27097"}],"curies":[{"name":"wp","href":"https:\/\/api.w.org\/{rel}","templated":true}]}}