{"id":26841,"date":"2023-03-17T10:42:05","date_gmt":"2023-03-17T09:42:05","guid":{"rendered":"https:\/\/www.buecherserien.de\/de\/?p=26841"},"modified":"2023-03-17T10:42:05","modified_gmt":"2023-03-17T09:42:05","slug":"patricia-koelle-das-glueck-in-den-waeldern","status":"publish","type":"post","link":"https:\/\/www.buecherserien.de\/de\/patricia-koelle-das-glueck-in-den-waeldern\/","title":{"rendered":"Patricia Koelle: Das Gl\u00fcck in den W\u00e4ldern"},"content":{"rendered":"<div id=\"buv\">\n<p>Der Roman &#8222;Das Gl\u00fcck in den W\u00e4ldern&#8220; ist der 2. Band der Sehnsuchtswald-Reihe von der Autorin <a title=\"B\u00fccher von Patricia Koelle\" href=\"https:\/\/www.buecherserien.de\/patricia-koelle\/\">Patricia Koelle<\/a>.<\/p>\n<ul>\n<li>Titel bestellen bei:<\/li>\n<li class=\"buv_am\"><a title=\"Amazon.de\" href=\"https:\/\/www.amazon.de\/dp\/B0BG9L88FT\/ref=nosim?tag=buecherserien-21\">Amazon<\/a><\/li>\n<li class=\"buv_th\"><a title=\"Thalia.de\" href=\"https:\/\/www.awin1.com\/cread.php?awinmid=14158&amp;awinaffid=644643&amp;ued=https%3A%2F%2Fwww.thalia.de%2Fshop%2Fhome%2Fartikeldetails%2FEAN9783104915722\">Thalia<\/a><\/li>\n<li class=\"buv_hu\"><a title=\"Hugendubel.de\" href=\"https:\/\/clk.tradedoubler.com\/click?p=249407&#038;a=3222251&#038;url=https%3A%2F%2Fwww.hugendubel.de%2Fde%2Fproduct%3Fid%3D9783104915722\">Hugendubel<\/a><\/li>\n<li class=\"buv_eb\"><a title=\"eBook.de\" href=\"https:\/\/clk.tradedoubler.com\/click?p=324630&#038;a=3222251&#038;url=https%3A%2F%2Fwww.ebook.de%2Fde%2Fproduct%3Fid%3D9783104915722\">eBook.de<\/a><\/li>\n<\/ul>\n<ol>\n<li><strong>Infos \u00fcber das Buch:<\/strong><\/li>\n<li><strong>Serie:<\/strong> Sehnsuchtswald 2<\/li>\n<li><strong>Verlag:<\/strong> Fischer<\/li>\n<li><strong>Seiten:<\/strong> 496<\/li>\n<li><strong>Ver\u00f6ffentlichung:<\/strong> 29.3.2023<\/li>\n<li><strong>Formate:<\/strong> Buch, eBook, H\u00f6rbuch<\/li>\n<li><strong>Buch-ISBN:<\/strong> 9783596707232<\/li>\n<\/ol>\n<div class=\"clearfix\"><\/div>\n<div class=\"buech-content-tipps\" id=\"buech-2088496196\"><p>Oder gebraucht suchen bei <a href=\"https:\/\/www.awin1.com\/awclick.php?gid=362166&mid=11364&awinaffid=644643&linkid=2376078&clickref=\">Medimops<\/a>.<\/p><\/div><h2>Inhaltsangabe von &#8222;Das Gl\u00fcck in den W\u00e4ldern&#8220;:<\/h2>\n<p><img loading=\"lazy\" decoding=\"async\" src=\"https:\/\/www.buecherserien.de\/de\/wp-content\/uploads\/patricia-koelle-sehnsuchtswald-2.jpg\" alt=\"Das Gl\u00fcck in den W\u00e4ldern von Patricia Koelle\" width=\"250\" height=\"400\" \/>Manchmal f\u00fchrt der Weg zum Gl\u00fcck durch einen geheimnisvollen Wald.<\/p>\n<p>Franzi hat sich mit ihrem Partner Matteo den Traum vom eigenen Caf\u00e9 an der Ostsee verwirklicht. Als sie schwanger wird, m\u00f6chte sie sich endlich ihrer Vergangenheit stellen und mehr \u00fcber ihren verstorbenen Vater erfahren. Gemeinsam mit ihrer Schwester Luna begibt sie sich auf eine Spurensuche, die sie schlie\u00dflich in den Gespensterwald Nienhagen f\u00fchrt. K\u00f6nnen die beiden Schwestern herausfinden, was der Vater ihnen wirklich hinterlassen hat, und so auch ihr Gl\u00fcck finden?<\/p>\n<div class=\"clearfix\"><\/div>\n<p id=\"buv_back_single\"><a href=\"https:\/\/www.buecherserien.de\/patricia-koelle\/\">Zur\u00fcck zur Autorenseite<\/a><\/p>\n<\/div>","protected":false},"excerpt":{"rendered":"<p>Der Roman &#8222;Das Gl\u00fcck in den W\u00e4ldern&#8220; ist der 2. Band der Sehnsuchtswald-Reihe von der Autorin Patricia Koelle. Titel bestellen bei: Amazon Thalia Hugendubel eBook.de Infos \u00fcber das Buch: Serie: Sehnsuchtswald 2 Verlag: Fischer Seiten: 496 Ver\u00f6ffentlichung: 29.3.2023 Formate: Buch, eBook, H\u00f6rbuch Buch-ISBN: 9783596707232 Inhaltsangabe von &#8222;Das Gl\u00fcck in den W\u00e4ldern&#8220;: Manchmal f\u00fchrt der Weg [&hellip;]<\/p>\n","protected":false},"author":1,"featured_media":26842,"comment_status":"open","ping_status":"closed","sticky":false,"template":"","format":"standard","meta":{"_et_pb_use_builder":"","_et_pb_old_content":"","_et_gb_content_width":"","footnotes":""},"categories":[22],"tags":[68],"class_list":["post-26841","post","type-post","status-publish","format-standard","has-post-thumbnail","hentry","category-romantik","tag-patricia-koelle"],"_links":{"self":[{"href":"https:\/\/www.buecherserien.de\/de\/wp-json\/wp\/v2\/posts\/26841","targetHints":{"allow":["GET"]}}],"collection":[{"href":"https:\/\/www.buecherserien.de\/de\/wp-json\/wp\/v2\/posts"}],"about":[{"href":"https:\/\/www.buecherserien.de\/de\/wp-json\/wp\/v2\/types\/post"}],"author":[{"embeddable":true,"href":"https:\/\/www.buecherserien.de\/de\/wp-json\/wp\/v2\/users\/1"}],"replies":[{"embeddable":true,"href":"https:\/\/www.buecherserien.de\/de\/wp-json\/wp\/v2\/comments?post=26841"}],"version-history":[{"count":0,"href":"https:\/\/www.buecherserien.de\/de\/wp-json\/wp\/v2\/posts\/26841\/revisions"}],"wp:featuredmedia":[{"embeddable":true,"href":"https:\/\/www.buecherserien.de\/de\/wp-json\/wp\/v2\/media\/26842"}],"wp:attachment":[{"href":"https:\/\/www.buecherserien.de\/de\/wp-json\/wp\/v2\/media?parent=26841"}],"wp:term":[{"taxonomy":"category","embeddable":true,"href":"https:\/\/www.buecherserien.de\/de\/wp-json\/wp\/v2\/categories?post=26841"},{"taxonomy":"post_tag","embeddable":true,"href":"https:\/\/www.buecherserien.de\/de\/wp-json\/wp\/v2\/tags?post=26841"}],"curies":[{"name":"wp","href":"https:\/\/api.w.org\/{rel}","templated":true}]}}