{"id":26724,"date":"2023-03-11T13:03:24","date_gmt":"2023-03-11T12:03:24","guid":{"rendered":"https:\/\/www.buecherserien.de\/de\/?p=26724"},"modified":"2023-03-11T13:03:24","modified_gmt":"2023-03-11T12:03:24","slug":"freya-jueptner-nocturnalis","status":"publish","type":"post","link":"https:\/\/www.buecherserien.de\/de\/freya-jueptner-nocturnalis\/","title":{"rendered":"Freya J\u00fcptner: Nocturnalis"},"content":{"rendered":"<div id=\"buv\">\n<p>Der Fantasyroman &#8222;Nocturnalis&#8220; ist der 3. Band der Reihe &#8222;Aemilia &#8211; Tochter der Victoria&#8220; von der deutschen Autorin <a title=\"B\u00fccher von Freya J\u00fcptner\" href=\"https:\/\/www.buecherserien.de\/freya-jueptner\/\">Freya J\u00fcptner<\/a>.<\/p>\n<ul>\n<li>Titel bestellen bei:<\/li>\n<li class=\"buv_am\"><a title=\"Amazon.de\" href=\"https:\/\/www.amazon.de\/dp\/B0B86B46QK\/ref=nosim?tag=buecherserien-21\">Amazon<\/a><\/li>\n<\/ul>\n<ol>\n<li><strong>Infos \u00fcber das Buch:<\/strong><\/li>\n<li><strong>Serie:<\/strong> Aemilia 3<\/li>\n<li><strong>Verlag:<\/strong> Independently published<\/li>\n<li><strong>Seiten:<\/strong> &#8212;<\/li>\n<li><strong>Ver\u00f6ffentlichung:<\/strong> 31.3.2023<\/li>\n<li><strong>Formate:<\/strong> eBook<\/li>\n<li><strong>Buch-ISBN:<\/strong> &#8212;<\/li>\n<\/ol>\n<div class=\"clearfix\"><\/div>\n<div class=\"buech-content-tipps\" id=\"buech-1501982875\"><p>Oder gebraucht suchen bei <a href=\"https:\/\/www.awin1.com\/awclick.php?gid=362166&mid=11364&awinaffid=644643&linkid=2376078&clickref=\">Medimops<\/a>.<\/p><\/div><h2>Inhaltsangabe von &#8222;Nocturnalis&#8220;:<\/h2>\n<p><img loading=\"lazy\" decoding=\"async\" src=\"https:\/\/www.buecherserien.de\/de\/wp-content\/uploads\/freya-jueptner-aemilia-3.jpg\" alt=\"Nocturnalis von Freya J\u00fcptner\" width=\"250\" height=\"400\" \/>Vorsichtig gehe in tiefer in die Eish\u00f6hle hinein. Die Urne am Eingang finde ich skurril, doch die steht da seit fast einhundert Jahren. Alexander M\u00f6rk von M\u00f6rkenstein hatte ma\u00dfgeblich zur Erforschung der H\u00f6hle beigetragen. Bei seinen Forschungen am Dachsteinmassiv ist er dem Geheimnis der Eisriesen sehr nahe gekommen. Wir fanden in seinen Tageb\u00fcchern Hinweise. Doch wegen ihm bin ich nicht hier. Ich will mich mit Gerdr treffen. Sie hat diesen Ort vorgeschlagen. \u201eDu bist wirklich gekommen, Prothymia apo Samothrake.\u201c \u201eFreyja war sehr deutlich, deine Bitte zu \u00fcbermitteln.\u201c Gerdr nickt bed\u00e4chtig. \u201eNiemand wollte dich in diese Situation bringen.\u201c \u201eAch nein?\u201c Ich sp\u00fcre die hochkochende Wut, wenn ich an den Streit der letzten Wochen denke. Gerdr deutet beschwichtigend mit beiden Handfl\u00e4chen nach unten. \u201eWir m\u00fcssen mit dir sprechen. Der Streit zwischen Zeus und Thor hat einen der heftigsten Orkane \u00fcber Europa ziehen lassen.\u201c \u201eDaran trage ich nicht allein die Schuld!\u201c \u201eNiemand gibt dir \u00fcberhaupt die Schuld daran. Du hat das Schlimmste verhindert, als du Zeus gestoppt hast.\u201c Ich atme tief durch, um mich zu beruhigen. \u201eDas hat mir nicht nur Dankesworte auf dem Olymp eingebracht.\u201c<\/p>\n<div class=\"clearfix\"><\/div>\n<p id=\"buv_back_single\"><a href=\"https:\/\/www.buecherserien.de\/freya-jueptner\/\">Zur\u00fcck zur Autorenseite<\/a><\/p>\n<\/div>","protected":false},"excerpt":{"rendered":"<p>Der Fantasyroman &#8222;Nocturnalis&#8220; ist der 3. Band der Reihe &#8222;Aemilia &#8211; Tochter der Victoria&#8220; von der deutschen Autorin Freya J\u00fcptner. Titel bestellen bei: Amazon Infos \u00fcber das Buch: Serie: Aemilia 3 Verlag: Independently published Seiten: &#8212; Ver\u00f6ffentlichung: 31.3.2023 Formate: eBook Buch-ISBN: &#8212; Inhaltsangabe von &#8222;Nocturnalis&#8220;: Vorsichtig gehe in tiefer in die Eish\u00f6hle hinein. Die Urne [&hellip;]<\/p>\n","protected":false},"author":1,"featured_media":26726,"comment_status":"open","ping_status":"closed","sticky":false,"template":"","format":"standard","meta":{"_et_pb_use_builder":"","_et_pb_old_content":"","_et_gb_content_width":"","footnotes":""},"categories":[17],"tags":[494],"class_list":["post-26724","post","type-post","status-publish","format-standard","has-post-thumbnail","hentry","category-fantasy","tag-freya-jueptner"],"_links":{"self":[{"href":"https:\/\/www.buecherserien.de\/de\/wp-json\/wp\/v2\/posts\/26724","targetHints":{"allow":["GET"]}}],"collection":[{"href":"https:\/\/www.buecherserien.de\/de\/wp-json\/wp\/v2\/posts"}],"about":[{"href":"https:\/\/www.buecherserien.de\/de\/wp-json\/wp\/v2\/types\/post"}],"author":[{"embeddable":true,"href":"https:\/\/www.buecherserien.de\/de\/wp-json\/wp\/v2\/users\/1"}],"replies":[{"embeddable":true,"href":"https:\/\/www.buecherserien.de\/de\/wp-json\/wp\/v2\/comments?post=26724"}],"version-history":[{"count":0,"href":"https:\/\/www.buecherserien.de\/de\/wp-json\/wp\/v2\/posts\/26724\/revisions"}],"wp:featuredmedia":[{"embeddable":true,"href":"https:\/\/www.buecherserien.de\/de\/wp-json\/wp\/v2\/media\/26726"}],"wp:attachment":[{"href":"https:\/\/www.buecherserien.de\/de\/wp-json\/wp\/v2\/media?parent=26724"}],"wp:term":[{"taxonomy":"category","embeddable":true,"href":"https:\/\/www.buecherserien.de\/de\/wp-json\/wp\/v2\/categories?post=26724"},{"taxonomy":"post_tag","embeddable":true,"href":"https:\/\/www.buecherserien.de\/de\/wp-json\/wp\/v2\/tags?post=26724"}],"curies":[{"name":"wp","href":"https:\/\/api.w.org\/{rel}","templated":true}]}}