{"id":26721,"date":"2023-03-11T12:18:03","date_gmt":"2023-03-11T11:18:03","guid":{"rendered":"https:\/\/www.buecherserien.de\/de\/?p=26721"},"modified":"2023-03-11T12:18:03","modified_gmt":"2023-03-11T11:18:03","slug":"freya-jueptner-quaero","status":"publish","type":"post","link":"https:\/\/www.buecherserien.de\/de\/freya-jueptner-quaero\/","title":{"rendered":"Freya J\u00fcptner: Quaero"},"content":{"rendered":"<div id=\"buv\">\n<p>Der Fantasyroman &#8222;Quaero&#8220; ist der 2. Band der Reihe &#8222;Aemilia &#8211; Tochter der Victoria&#8220; von der deutschen Autorin <a title=\"B\u00fccher von Freya J\u00fcptner\" href=\"https:\/\/www.buecherserien.de\/freya-jueptner\/\">Freya J\u00fcptner<\/a>.<\/p>\n<ul>\n<li>Titel bestellen bei:<\/li>\n<li class=\"buv_am\"><a title=\"Amazon.de\" href=\"https:\/\/www.amazon.de\/dp\/B0B82YTB3H\/ref=nosim?tag=buecherserien-21\">Amazon<\/a><\/li>\n<\/ul>\n<ol>\n<li><strong>Infos \u00fcber das Buch:<\/strong><\/li>\n<li><strong>Serie:<\/strong> Aemilia 2<\/li>\n<li><strong>Verlag:<\/strong> Independently published<\/li>\n<li><strong>Seiten:<\/strong> 440<\/li>\n<li><strong>Ver\u00f6ffentlichung:<\/strong> 13.12.2022<\/li>\n<li><strong>Formate:<\/strong> Buch, eBook<\/li>\n<li><strong>Buch-ISBN:<\/strong> 9788843034283<\/li>\n<\/ol>\n<div class=\"clearfix\"><\/div>\n<div class=\"buech-content-tipps\" id=\"buech-1401251793\"><p>Oder gebraucht suchen bei <a href=\"https:\/\/www.awin1.com\/awclick.php?gid=362166&mid=11364&awinaffid=644643&linkid=2376078&clickref=\">Medimops<\/a>.<\/p><\/div><h2>Inhaltsangabe von &#8222;Quaero&#8220;:<\/h2>\n<p><img loading=\"lazy\" decoding=\"async\" src=\"https:\/\/www.buecherserien.de\/de\/wp-content\/uploads\/freya-jueptner-aemilia-2.jpg\" alt=\"Quaero von Freya J\u00fcptner\" width=\"250\" height=\"400\" \/>Ich muss mich setzen. H\u00e4tte ich Gro\u00dfmutters Brief doch nie gelesen! Wie soll ich mit dieser Enth\u00fcllung zurechtkommen. Wie will ich Artemis, Apollon und erst recht Leto jemals wieder gegen\u00fcbertreten? Wie sage ich Carsten, meinem \u2026., Vater? Ist er jetzt \u00fcberhaupt noch mein Vater? Wusste meine Mutter davon, war sie involviert? Oder wurde sie genauso im Irrglauben gelassen, wie ich? F\u00fcr sie muss es noch viel Schlimmer sein! Tr\u00e4nen rinnen \u00fcber meine Wangen. Wusste Odin Bescheid? Seine Worte hallen in meinem Kopf. \u201eDu geh\u00f6rst zu gleichen Teilen in den Norden, wie in den S\u00fcden.\u201c<\/p>\n<p>Ich stehe auf und sehe mich in meinem Zimmer um. Meine Reisetasche auf dem Bett, die alten Kleider in meinem Schrank. Mechanisch beginne ich aufzur\u00e4umen und meine Kleidung zu sortieren. Marcus klopft an den T\u00fcrrahmen, bevor er eintritt. Er sieht meine Tr\u00e4nen, seine Augen bemerken den Brief. Doch ich wei\u00df, er wird die Schrift nicht lesen. \u201eSchlimme Nachrichten?\u201c \u201eKann man so sagen.\u201c Ich atme durch. \u201eIch muss erst selbst damit klarkommen.\u201c \u201eSicher.\u201c, sagt er leise. Dabei setzt er sich auf das Fu\u00dfende meines Bettes und wartet ab.<\/p>\n<div class=\"clearfix\"><\/div>\n<p id=\"buv_back_single\"><a href=\"https:\/\/www.buecherserien.de\/freya-jueptner\/\">Zur\u00fcck zur Autorenseite<\/a><\/p>\n<\/div>","protected":false},"excerpt":{"rendered":"<p>Der Fantasyroman &#8222;Quaero&#8220; ist der 2. Band der Reihe &#8222;Aemilia &#8211; Tochter der Victoria&#8220; von der deutschen Autorin Freya J\u00fcptner. Titel bestellen bei: Amazon Infos \u00fcber das Buch: Serie: Aemilia 2 Verlag: Independently published Seiten: 440 Ver\u00f6ffentlichung: 13.12.2022 Formate: Buch, eBook Buch-ISBN: 9788843034283 Inhaltsangabe von &#8222;Quaero&#8220;: Ich muss mich setzen. H\u00e4tte ich Gro\u00dfmutters Brief doch [&hellip;]<\/p>\n","protected":false},"author":1,"featured_media":26722,"comment_status":"open","ping_status":"closed","sticky":false,"template":"","format":"standard","meta":{"_et_pb_use_builder":"","_et_pb_old_content":"","_et_gb_content_width":"","footnotes":""},"categories":[17],"tags":[494],"class_list":["post-26721","post","type-post","status-publish","format-standard","has-post-thumbnail","hentry","category-fantasy","tag-freya-jueptner"],"_links":{"self":[{"href":"https:\/\/www.buecherserien.de\/de\/wp-json\/wp\/v2\/posts\/26721","targetHints":{"allow":["GET"]}}],"collection":[{"href":"https:\/\/www.buecherserien.de\/de\/wp-json\/wp\/v2\/posts"}],"about":[{"href":"https:\/\/www.buecherserien.de\/de\/wp-json\/wp\/v2\/types\/post"}],"author":[{"embeddable":true,"href":"https:\/\/www.buecherserien.de\/de\/wp-json\/wp\/v2\/users\/1"}],"replies":[{"embeddable":true,"href":"https:\/\/www.buecherserien.de\/de\/wp-json\/wp\/v2\/comments?post=26721"}],"version-history":[{"count":0,"href":"https:\/\/www.buecherserien.de\/de\/wp-json\/wp\/v2\/posts\/26721\/revisions"}],"wp:featuredmedia":[{"embeddable":true,"href":"https:\/\/www.buecherserien.de\/de\/wp-json\/wp\/v2\/media\/26722"}],"wp:attachment":[{"href":"https:\/\/www.buecherserien.de\/de\/wp-json\/wp\/v2\/media?parent=26721"}],"wp:term":[{"taxonomy":"category","embeddable":true,"href":"https:\/\/www.buecherserien.de\/de\/wp-json\/wp\/v2\/categories?post=26721"},{"taxonomy":"post_tag","embeddable":true,"href":"https:\/\/www.buecherserien.de\/de\/wp-json\/wp\/v2\/tags?post=26721"}],"curies":[{"name":"wp","href":"https:\/\/api.w.org\/{rel}","templated":true}]}}