{"id":26461,"date":"2022-12-13T10:56:37","date_gmt":"2022-12-13T09:56:37","guid":{"rendered":"https:\/\/www.buecherserien.de\/de\/?p=26461"},"modified":"2022-12-13T10:56:50","modified_gmt":"2022-12-13T09:56:50","slug":"horst-eckert-die-macht-der-woelfe","status":"publish","type":"post","link":"https:\/\/www.buecherserien.de\/de\/horst-eckert-die-macht-der-woelfe\/","title":{"rendered":"Horst Eckert: Die Macht der W\u00f6lfe"},"content":{"rendered":"<div id=\"buv\">\n<p>Der Thriller &#8222;Die Macht der W\u00f6lfe&#8220; ist der 4. Band der Melia und Vincent-Reihe von dem deutschen Autor <a title=\"B\u00fccher von Horst Eckert\" href=\"https:\/\/www.buecherserien.de\/horst-eckert\/\">Horst Eckert<\/a>.<\/p>\n<ul>\n<li>Titel bestellen bei:<\/li>\n<li class=\"buv_am\"><a title=\"Amazon.de\" href=\"https:\/\/www.amazon.de\/dp\/B0BMGFYPBK\/ref=nosim?tag=buecherserien-21\">Amazon<\/a><\/li>\n<li class=\"buv_th\"><a title=\"Thalia.de\" href=\"https:\/\/www.awin1.com\/cread.php?awinmid=14158&amp;awinaffid=644643&amp;ued=https%3A%2F%2Fwww.thalia.de%2Fshop%2Fhome%2Fartikeldetails%2FEAN9783641298746\">Thalia<\/a><\/li>\n<li class=\"buv_hu\"><a title=\"Hugendubel.de\" href=\"https:\/\/clk.tradedoubler.com\/click?p=249407&#038;a=3222251&#038;url=https%3A%2F%2Fwww.hugendubel.de%2Fde%2Fproduct%3Fid%3D9783641298746\">Hugendubel<\/a><\/li>\n<li class=\"buv_eb\"><a title=\"eBook.de\" href=\"https:\/\/clk.tradedoubler.com\/click?p=324630&#038;a=3222251&#038;url=https%3A%2F%2Fwww.ebook.de%2Fde%2Fproduct%3Fid%3D9783641298746\">eBook.de<\/a><\/li>\n<\/ul>\n<ol>\n<li><strong>Infos \u00fcber das Buch:<\/strong><\/li>\n<li><strong>Serie:<\/strong> Melia und Vincent 4<\/li>\n<li><strong>Verlag:<\/strong> Heyne<\/li>\n<li><strong>Seiten:<\/strong> 480<\/li>\n<li><strong>Ver\u00f6ffentlichung:<\/strong> 12.4.2023<\/li>\n<li><strong>Formate:<\/strong> Buch, eBook<\/li>\n<li><strong>Buch-ISBN:<\/strong>\u200e\u200e 9783453441750<\/li>\n<\/ol>\n<div class=\"clearfix\"><\/div>\n<div class=\"buech-content-tipps\" id=\"buech-2902908805\"><p>Oder gebraucht suchen bei <a href=\"https:\/\/www.awin1.com\/awclick.php?gid=362166&mid=11364&awinaffid=644643&linkid=2376078&clickref=\">Medimops<\/a>.<\/p><\/div><h2>Inhaltsangabe von &#8222;Die Macht der W\u00f6lfe&#8220;:<\/h2>\n<p><img loading=\"lazy\" decoding=\"async\" src=\"https:\/\/www.buecherserien.de\/de\/wp-content\/uploads\/horst-eckert-melia-vincent-4.jpeg\" alt=\"Die Macht der W\u00f6lfe von Horst Eckert\" width=\"250\" height=\"400\" \/>Melia Adan hat es im Polizeiapparat schon in jungen Jahren weit gebracht. Doch mit einem Auftrag wie diesem h\u00e4tte sie im Leben nicht gerechnet: Die Bundeskanzlerin pers\u00f6nlich bittet um ihre Hilfe. Offenbar wird die Regierungschefin von jemandem aus ihrem direkten Umfeld erpresst. Zugleich bringt sich, angef\u00fchrt von einem bekannten Meinungsmacher, eine neue rechtskonservative Bewegung f\u00fcr die n\u00e4chsten Wahlen in Position. Angesichts der aufgeheizten Stimmung im Land scheint pl\u00f6tzlich alles m\u00f6glich. Es entbrennt ein ungeheurer Kampf um politische Glaubw\u00fcrdigkeit, Einfluss und Macht.<\/p>\n<div class=\"clearfix\"><\/div>\n<p id=\"buv_back_single\"><a href=\"https:\/\/www.buecherserien.de\/horst-eckert\/\">Zur\u00fcck zur Autorenseite<\/a><\/p>\n<\/div>","protected":false},"excerpt":{"rendered":"<p>Der Thriller &#8222;Die Macht der W\u00f6lfe&#8220; ist der 4. Band der Melia und Vincent-Reihe von dem deutschen Autor Horst Eckert. Titel bestellen bei: Amazon Thalia Hugendubel eBook.de Infos \u00fcber das Buch: Serie: Melia und Vincent 4 Verlag: Heyne Seiten: 480 Ver\u00f6ffentlichung: 12.4.2023 Formate: Buch, eBook Buch-ISBN:\u200e\u200e 9783453441750 Inhaltsangabe von &#8222;Die Macht der W\u00f6lfe&#8220;: Melia Adan [&hellip;]<\/p>\n","protected":false},"author":1,"featured_media":26462,"comment_status":"open","ping_status":"closed","sticky":false,"template":"","format":"standard","meta":{"_et_pb_use_builder":"","_et_pb_old_content":"","_et_gb_content_width":"","footnotes":""},"categories":[18],"tags":[296],"class_list":["post-26461","post","type-post","status-publish","format-standard","has-post-thumbnail","hentry","category-krimi-thriller","tag-horst-eckert"],"_links":{"self":[{"href":"https:\/\/www.buecherserien.de\/de\/wp-json\/wp\/v2\/posts\/26461","targetHints":{"allow":["GET"]}}],"collection":[{"href":"https:\/\/www.buecherserien.de\/de\/wp-json\/wp\/v2\/posts"}],"about":[{"href":"https:\/\/www.buecherserien.de\/de\/wp-json\/wp\/v2\/types\/post"}],"author":[{"embeddable":true,"href":"https:\/\/www.buecherserien.de\/de\/wp-json\/wp\/v2\/users\/1"}],"replies":[{"embeddable":true,"href":"https:\/\/www.buecherserien.de\/de\/wp-json\/wp\/v2\/comments?post=26461"}],"version-history":[{"count":0,"href":"https:\/\/www.buecherserien.de\/de\/wp-json\/wp\/v2\/posts\/26461\/revisions"}],"wp:featuredmedia":[{"embeddable":true,"href":"https:\/\/www.buecherserien.de\/de\/wp-json\/wp\/v2\/media\/26462"}],"wp:attachment":[{"href":"https:\/\/www.buecherserien.de\/de\/wp-json\/wp\/v2\/media?parent=26461"}],"wp:term":[{"taxonomy":"category","embeddable":true,"href":"https:\/\/www.buecherserien.de\/de\/wp-json\/wp\/v2\/categories?post=26461"},{"taxonomy":"post_tag","embeddable":true,"href":"https:\/\/www.buecherserien.de\/de\/wp-json\/wp\/v2\/tags?post=26461"}],"curies":[{"name":"wp","href":"https:\/\/api.w.org\/{rel}","templated":true}]}}