{"id":2618,"date":"2021-05-05T15:50:47","date_gmt":"2021-05-05T13:50:47","guid":{"rendered":"https:\/\/www.buecherserien.de\/de\/?p=2618"},"modified":"2021-05-05T15:50:47","modified_gmt":"2021-05-05T13:50:47","slug":"patricia-koelle-die-nacht-ist-ein-klavier","status":"publish","type":"post","link":"https:\/\/www.buecherserien.de\/de\/patricia-koelle-die-nacht-ist-ein-klavier\/","title":{"rendered":"Patricia Koelle: Die Nacht ist ein Klavier"},"content":{"rendered":"<div id=\"buv\">\n<p>&#8222;Die Nacht ist ein Klavier&#8220; ist ein Kurzroman von der Autorin <a title=\"B\u00fccher von Patricia Koelle\" href=\"https:\/\/www.buecherserien.de\/patricia-koelle\/\">Patricia Koelle<\/a>.<\/p>\n<ul>\n<li>Titel bestellen bei:<\/li>\n<li class=\"buv_am\"><a title=\"Amazon.de\" href=\"https:\/\/www.amazon.de\/dp\/B008LV2HIS\/ref=nosim?tag=buecherserien-21\">Amazon<\/a><\/li>\n<li class=\"buv_th\"><a title=\"Thalia.de\" href=\"https:\/\/www.awin1.com\/cread.php?awinmid=14158&amp;awinaffid=644643&amp;ued=https%3A%2F%2Fwww.thalia.de%2Fshop%2Fhome%2Fartikeldetails%2FEAN9783939937807\">Thalia<\/a><\/li>\n<li class=\"buv_hu\"><a title=\"Hugendubel.de\" href=\"https:\/\/clk.tradedoubler.com\/click?p=249407&#038;a=3222251&#038;url=https%3A%2F%2Fwww.hugendubel.de%2Fde%2Fproduct%3Fid%3D9783939937807\">Hugendubel<\/a><\/li>\n<li class=\"buv_eb\"><a title=\"eBook.de\" href=\"https:\/\/clk.tradedoubler.com\/click?p=324630&#038;a=3222251&#038;url=https%3A%2F%2Fwww.ebook.de%2Fde%2Fproduct%3Fid%3D9783939937807\">eBook.de<\/a><\/li>\n<\/ul>\n<ol>\n<li><strong>Infos \u00fcber das Buch:<\/strong><\/li>\n<li><strong>Serie:<\/strong> Keine<\/li>\n<li><strong>Verlag:<\/strong> Dr. Ronald Henss<\/li>\n<li><strong>Seiten:<\/strong> 74<\/li>\n<li><strong>Ver\u00f6ffentlichung:<\/strong> 15.6.2012<\/li>\n<li><strong>Formate:<\/strong> Buch, eBook<\/li>\n<li><strong>Buch-ISBN:<\/strong> 9783939937166<\/li>\n<\/ol>\n<div class=\"clearfix\"><\/div>\n<div class=\"buech-content-tipps\" id=\"buech-2422500263\"><p>Oder gebraucht suchen bei <a href=\"https:\/\/www.awin1.com\/awclick.php?gid=362166&mid=11364&awinaffid=644643&linkid=2376078&clickref=\">Medimops<\/a>.<\/p><\/div><h2>Inhaltsangabe von &#8222;Die Nacht ist ein Klavier&#8220;:<\/h2>\n<p><img loading=\"lazy\" decoding=\"async\" src=\"https:\/\/www.buecherserien.de\/de\/wp-content\/uploads\/patricia-koelle-1008.jpg\" alt=\"Die Nacht ist ein Klavier von Patricia Koelle\" width=\"250\" height=\"400\" \/>Der Student Nick, die schweigsame 91-j\u00e4hrige Lucie und der alternde Schriftsteller Gerd befinden sich an schwierigen Stationen ihres Lebens. Als sie sich begegnen, ger\u00e4t f\u00fcr jeden etwas in Bewegung. Die Grenzen zwischen Vergangenheit, Gegenwart und Zukunft verschwimmen. Die sehr unterschiedlichen Menschen haben eine Wirkung aufeinander, die die Perspektiven verschiebt und ihre pers\u00f6nlichen Wege in neue Richtungen lenkt.<\/p>\n<p>Eine ber\u00fchrende Geschichte \u00fcber das Leben, die Liebe und den \u00fcberraschenden Zauber unerwarteter Situationen.<\/p>\n<div class=\"clearfix\"><\/div>\n<p id=\"buv_back_single\"><a href=\"https:\/\/www.buecherserien.de\/patricia-koelle\/\">Zur\u00fcck zur Autorenseite<\/a><\/p>\n<\/div>","protected":false},"excerpt":{"rendered":"<p>&#8222;Die Nacht ist ein Klavier&#8220; ist ein Kurzroman von der Autorin Patricia Koelle. Titel bestellen bei: Amazon Thalia Hugendubel eBook.de Infos \u00fcber das Buch: Serie: Keine Verlag: Dr. Ronald Henss Seiten: 74 Ver\u00f6ffentlichung: 15.6.2012 Formate: Buch, eBook Buch-ISBN: 9783939937166 Inhaltsangabe von &#8222;Die Nacht ist ein Klavier&#8220;: Der Student Nick, die schweigsame 91-j\u00e4hrige Lucie und der [&hellip;]<\/p>\n","protected":false},"author":1,"featured_media":2619,"comment_status":"open","ping_status":"closed","sticky":false,"template":"","format":"standard","meta":{"_et_pb_use_builder":"","_et_pb_old_content":"","_et_gb_content_width":"","footnotes":""},"categories":[22],"tags":[68],"class_list":["post-2618","post","type-post","status-publish","format-standard","has-post-thumbnail","hentry","category-romantik","tag-patricia-koelle"],"_links":{"self":[{"href":"https:\/\/www.buecherserien.de\/de\/wp-json\/wp\/v2\/posts\/2618","targetHints":{"allow":["GET"]}}],"collection":[{"href":"https:\/\/www.buecherserien.de\/de\/wp-json\/wp\/v2\/posts"}],"about":[{"href":"https:\/\/www.buecherserien.de\/de\/wp-json\/wp\/v2\/types\/post"}],"author":[{"embeddable":true,"href":"https:\/\/www.buecherserien.de\/de\/wp-json\/wp\/v2\/users\/1"}],"replies":[{"embeddable":true,"href":"https:\/\/www.buecherserien.de\/de\/wp-json\/wp\/v2\/comments?post=2618"}],"version-history":[{"count":0,"href":"https:\/\/www.buecherserien.de\/de\/wp-json\/wp\/v2\/posts\/2618\/revisions"}],"wp:featuredmedia":[{"embeddable":true,"href":"https:\/\/www.buecherserien.de\/de\/wp-json\/wp\/v2\/media\/2619"}],"wp:attachment":[{"href":"https:\/\/www.buecherserien.de\/de\/wp-json\/wp\/v2\/media?parent=2618"}],"wp:term":[{"taxonomy":"category","embeddable":true,"href":"https:\/\/www.buecherserien.de\/de\/wp-json\/wp\/v2\/categories?post=2618"},{"taxonomy":"post_tag","embeddable":true,"href":"https:\/\/www.buecherserien.de\/de\/wp-json\/wp\/v2\/tags?post=2618"}],"curies":[{"name":"wp","href":"https:\/\/api.w.org\/{rel}","templated":true}]}}