{"id":2597,"date":"2021-05-05T15:08:32","date_gmt":"2021-05-05T13:08:32","guid":{"rendered":"https:\/\/www.buecherserien.de\/de\/?p=2597"},"modified":"2021-05-05T15:09:11","modified_gmt":"2021-05-05T13:09:11","slug":"patricia-koelle-das-traumnest","status":"publish","type":"post","link":"https:\/\/www.buecherserien.de\/de\/patricia-koelle-das-traumnest\/","title":{"rendered":"Patricia Koelle: Das Traumnest"},"content":{"rendered":"<div id=\"buv\">\n<p>&#8222;Das Traumnest&#8220; ist ein Kinderbuch von der Autorin <a title=\"B\u00fccher von Patricia Koelle\" href=\"https:\/\/www.buecherserien.de\/patricia-koelle\/\">Patricia Koelle<\/a>.<\/p>\n<ul>\n<li>Titel bestellen bei:<\/li>\n<li class=\"buv_am\"><a title=\"Amazon.de\" href=\"https:\/\/www.amazon.de\/dp\/B004VAYEBQ\/ref=nosim?tag=buecherserien-21\">Amazon<\/a><\/li>\n<\/ul>\n<ol>\n<li><strong>Infos \u00fcber das Buch:<\/strong><\/li>\n<li><strong>Serie:<\/strong> Keine<\/li>\n<li><strong>Verlag:<\/strong> Dr. Ronald Henss<\/li>\n<li><strong>Seiten:<\/strong> 288<\/li>\n<li><strong>Ver\u00f6ffentlichung:<\/strong> 4.4.2011<\/li>\n<li><strong>Formate:<\/strong> Buch, eBook<\/li>\n<li><strong>Buch-ISBN:<\/strong> 9783596704118<\/li>\n<\/ol>\n<div class=\"clearfix\"><\/div>\n<div class=\"buech-content-tipps\" id=\"buech-2758225723\"><p>Oder gebraucht suchen bei <a href=\"https:\/\/www.awin1.com\/awclick.php?gid=362166&mid=11364&awinaffid=644643&linkid=2376078&clickref=\">Medimops<\/a>.<\/p><\/div><h2>Inhaltsangabe von &#8222;Das Traumnest&#8220;:<\/h2>\n<p><img loading=\"lazy\" decoding=\"async\" src=\"https:\/\/www.buecherserien.de\/de\/wp-content\/uploads\/patricia-koelle-1003.jpg\" alt=\"Das Traumnest von Patricia Koelle\" width=\"250\" height=\"400\" \/>Wenn man klein ist, hat man gro\u00dfe Tr\u00e4ume. Man tr\u00e4umt davon, Astronaut oder Tier\u00e4rztin zu werden oder etwas anderes, ganz Besonderes. Oft verlieren wir diese Tr\u00e4ume beim Erwachsenwerden aus den Augen.<\/p>\n<p>Der kleine Daniel wird auf einer Ferienreise \u00fcberrascht und findet einen Weg, seinen Traum in Sicherheit zu bringen bis er alt genug ist, um ihn wahrzumachen. Aber ist das wirklich so einfach? Und was passiert mit den Tr\u00e4umen, die die anderen Menschen vergessen haben?<\/p>\n<p>Haben Sie ein Kind, das gerne Gutenachtgeschichten h\u00f6rt und das davon tr\u00e4umt, ein Astronaut, eine Prinzessin, ein Feuerwehrmann, eine Computerspezialistin oder etwas anderes Aufregendes zu werden?<\/p>\n<p>Sind Sie erwachsen und fragen sich manchmal, wo Ihre eigenen Tr\u00e4ume ein Astronaut, eine Prinzessin, ein Feuerwehrmann, eine Computerspezialistin oder etwas anderes Aufregendes zu werden geblieben sind?<\/p>\n<p>Dann ist diese Geschichte f\u00fcr Sie.<\/p>\n<div class=\"clearfix\"><\/div>\n<p id=\"buv_back_single\"><a href=\"https:\/\/www.buecherserien.de\/patricia-koelle\/\">Zur\u00fcck zur Autorenseite<\/a><\/p>\n<\/div>","protected":false},"excerpt":{"rendered":"<p>&#8222;Das Traumnest&#8220; ist ein Kinderbuch von der Autorin Patricia Koelle. Titel bestellen bei: Amazon Infos \u00fcber das Buch: Serie: Keine Verlag: Dr. Ronald Henss Seiten: 288 Ver\u00f6ffentlichung: 4.4.2011 Formate: Buch, eBook Buch-ISBN: 9783596704118 Inhaltsangabe von &#8222;Das Traumnest&#8220;: Wenn man klein ist, hat man gro\u00dfe Tr\u00e4ume. Man tr\u00e4umt davon, Astronaut oder Tier\u00e4rztin zu werden oder etwas [&hellip;]<\/p>\n","protected":false},"author":1,"featured_media":2598,"comment_status":"open","ping_status":"closed","sticky":false,"template":"","format":"standard","meta":{"_et_pb_use_builder":"","_et_pb_old_content":"","_et_gb_content_width":"","footnotes":""},"categories":[1],"tags":[68],"class_list":["post-2597","post","type-post","status-publish","format-standard","has-post-thumbnail","hentry","category-jugendromane","tag-patricia-koelle"],"_links":{"self":[{"href":"https:\/\/www.buecherserien.de\/de\/wp-json\/wp\/v2\/posts\/2597","targetHints":{"allow":["GET"]}}],"collection":[{"href":"https:\/\/www.buecherserien.de\/de\/wp-json\/wp\/v2\/posts"}],"about":[{"href":"https:\/\/www.buecherserien.de\/de\/wp-json\/wp\/v2\/types\/post"}],"author":[{"embeddable":true,"href":"https:\/\/www.buecherserien.de\/de\/wp-json\/wp\/v2\/users\/1"}],"replies":[{"embeddable":true,"href":"https:\/\/www.buecherserien.de\/de\/wp-json\/wp\/v2\/comments?post=2597"}],"version-history":[{"count":0,"href":"https:\/\/www.buecherserien.de\/de\/wp-json\/wp\/v2\/posts\/2597\/revisions"}],"wp:featuredmedia":[{"embeddable":true,"href":"https:\/\/www.buecherserien.de\/de\/wp-json\/wp\/v2\/media\/2598"}],"wp:attachment":[{"href":"https:\/\/www.buecherserien.de\/de\/wp-json\/wp\/v2\/media?parent=2597"}],"wp:term":[{"taxonomy":"category","embeddable":true,"href":"https:\/\/www.buecherserien.de\/de\/wp-json\/wp\/v2\/categories?post=2597"},{"taxonomy":"post_tag","embeddable":true,"href":"https:\/\/www.buecherserien.de\/de\/wp-json\/wp\/v2\/tags?post=2597"}],"curies":[{"name":"wp","href":"https:\/\/api.w.org\/{rel}","templated":true}]}}