{"id":2592,"date":"2021-05-05T15:03:02","date_gmt":"2021-05-05T13:03:02","guid":{"rendered":"https:\/\/www.buecherserien.de\/de\/?p=2592"},"modified":"2021-05-05T15:03:02","modified_gmt":"2021-05-05T13:03:02","slug":"patricia-koelle-24-stueck-vom-glueck","status":"publish","type":"post","link":"https:\/\/www.buecherserien.de\/de\/patricia-koelle-24-stueck-vom-glueck\/","title":{"rendered":"Patricia Koelle: 24 St\u00fcck vom Gl\u00fcck"},"content":{"rendered":"<div id=\"buv\">\n<p>Das Buch &#8222;24 St\u00fcck vom Gl\u00fcck&#8220; enth\u00e4lt Adventsgeschichten von der Autorin <a title=\"B\u00fccher von Patricia Koelle\" href=\"https:\/\/www.buecherserien.de\/patricia-koelle\/\">Patricia Koelle<\/a>.<\/p>\n<ul>\n<li>Titel bestellen bei:<\/li>\n<li class=\"buv_am\"><a title=\"Amazon.de\" href=\"https:\/\/www.amazon.de\/dp\/B07R3DDV6R\/ref=nosim?tag=buecherserien-21\">Amazon<\/a><\/li>\n<li class=\"buv_th\"><a title=\"Thalia.de\" href=\"https:\/\/www.awin1.com\/cread.php?awinmid=14158&amp;awinaffid=644643&amp;ued=https%3A%2F%2Fwww.thalia.de%2Fshop%2Fhome%2Fartikeldetails%2FEAN9783104910147\">Thalia<\/a><\/li>\n<li class=\"buv_hu\"><a title=\"Hugendubel.de\" href=\"https:\/\/clk.tradedoubler.com\/click?p=249407&#038;a=3222251&#038;url=https%3A%2F%2Fwww.hugendubel.de%2Fde%2Fproduct%3Fid%3D9783104910147\">Hugendubel<\/a><\/li>\n<li class=\"buv_eb\"><a title=\"eBook.de\" href=\"https:\/\/clk.tradedoubler.com\/click?p=324630&#038;a=3222251&#038;url=https%3A%2F%2Fwww.ebook.de%2Fde%2Fproduct%3Fid%3D9783104910147\">eBook.de<\/a><\/li>\n<\/ul>\n<ol>\n<li><strong>Infos \u00fcber das Buch:<\/strong><\/li>\n<li><strong>Serie:<\/strong> Keine<\/li>\n<li><strong>Verlag:<\/strong> Fischer<\/li>\n<li><strong>Seiten:<\/strong> 288<\/li>\n<li><strong>Ver\u00f6ffentlichung:<\/strong> 25.9.2019<\/li>\n<li><strong>Formate:<\/strong> Buch, eBook<\/li>\n<li><strong>Buch-ISBN:<\/strong> 9783596704118<\/li>\n<\/ol>\n<div class=\"clearfix\"><\/div>\n<div class=\"buech-content-tipps\" id=\"buech-1241842359\"><p>Oder gebraucht suchen bei <a href=\"https:\/\/www.awin1.com\/awclick.php?gid=362166&mid=11364&awinaffid=644643&linkid=2376078&clickref=\">Medimops<\/a>.<\/p><\/div><h2>Inhaltsangabe von &#8222;24 St\u00fcck vom Gl\u00fcck&#8220;:<\/h2>\n<p><img loading=\"lazy\" decoding=\"async\" src=\"https:\/\/www.buecherserien.de\/de\/wp-content\/uploads\/patricia-koelle-1002.jpg\" alt=\"24 St\u00fcck vom Gl\u00fcck von Patricia Koelle\" width=\"250\" height=\"400\" \/>Ein Adventskalender zum Lesen. 24 Geschichten mit kreativen Inspirationen, die das Warten auf Weihnachten verk\u00fcrzen.<\/p>\n<p>Weihnachtszeit ist nicht nur Zeit gro\u00dfer Feste und aufw\u00e4ndiger Geschenke. Es ist auch die Zeit der kleinen Dinge und Achtsamkeiten, mit denen wir anderen Menschen eine Freude machen und ihren Tag zum Leuchten bringen k\u00f6nnen. Denn das Gl\u00fcck ist manchmal n\u00e4her, als wir denken \u2013 wir m\u00fcssen nur die Augen daf\u00fcr \u00f6ffnen. Mit Patricia Koelles poetischen und nachdenklichen Geschichten zum Advent wird so jeder Tag zu einem Geschenk.<\/p>\n<div class=\"clearfix\"><\/div>\n<p id=\"buv_back_single\"><a href=\"https:\/\/www.buecherserien.de\/patricia-koelle\/\">Zur\u00fcck zur Autorenseite<\/a><\/p>\n<\/div>","protected":false},"excerpt":{"rendered":"<p>Das Buch &#8222;24 St\u00fcck vom Gl\u00fcck&#8220; enth\u00e4lt Adventsgeschichten von der Autorin Patricia Koelle. Titel bestellen bei: Amazon Thalia Hugendubel eBook.de Infos \u00fcber das Buch: Serie: Keine Verlag: Fischer Seiten: 288 Ver\u00f6ffentlichung: 25.9.2019 Formate: Buch, eBook Buch-ISBN: 9783596704118 Inhaltsangabe von &#8222;24 St\u00fcck vom Gl\u00fcck&#8220;: Ein Adventskalender zum Lesen. 24 Geschichten mit kreativen Inspirationen, die das Warten [&hellip;]<\/p>\n","protected":false},"author":1,"featured_media":2595,"comment_status":"open","ping_status":"closed","sticky":false,"template":"","format":"standard","meta":{"_et_pb_use_builder":"","_et_pb_old_content":"","_et_gb_content_width":"","footnotes":""},"categories":[69],"tags":[68],"class_list":["post-2592","post","type-post","status-publish","format-standard","has-post-thumbnail","hentry","category-weihnachten","tag-patricia-koelle"],"_links":{"self":[{"href":"https:\/\/www.buecherserien.de\/de\/wp-json\/wp\/v2\/posts\/2592","targetHints":{"allow":["GET"]}}],"collection":[{"href":"https:\/\/www.buecherserien.de\/de\/wp-json\/wp\/v2\/posts"}],"about":[{"href":"https:\/\/www.buecherserien.de\/de\/wp-json\/wp\/v2\/types\/post"}],"author":[{"embeddable":true,"href":"https:\/\/www.buecherserien.de\/de\/wp-json\/wp\/v2\/users\/1"}],"replies":[{"embeddable":true,"href":"https:\/\/www.buecherserien.de\/de\/wp-json\/wp\/v2\/comments?post=2592"}],"version-history":[{"count":0,"href":"https:\/\/www.buecherserien.de\/de\/wp-json\/wp\/v2\/posts\/2592\/revisions"}],"wp:featuredmedia":[{"embeddable":true,"href":"https:\/\/www.buecherserien.de\/de\/wp-json\/wp\/v2\/media\/2595"}],"wp:attachment":[{"href":"https:\/\/www.buecherserien.de\/de\/wp-json\/wp\/v2\/media?parent=2592"}],"wp:term":[{"taxonomy":"category","embeddable":true,"href":"https:\/\/www.buecherserien.de\/de\/wp-json\/wp\/v2\/categories?post=2592"},{"taxonomy":"post_tag","embeddable":true,"href":"https:\/\/www.buecherserien.de\/de\/wp-json\/wp\/v2\/tags?post=2592"}],"curies":[{"name":"wp","href":"https:\/\/api.w.org\/{rel}","templated":true}]}}