{"id":2570,"date":"2021-05-05T14:17:20","date_gmt":"2021-05-05T12:17:20","guid":{"rendered":"https:\/\/www.buecherserien.de\/de\/?p=2570"},"modified":"2021-05-05T14:17:20","modified_gmt":"2021-05-05T12:17:20","slug":"patricia-koelle-was-die-gezeiten-fluestern","status":"publish","type":"post","link":"https:\/\/www.buecherserien.de\/de\/patricia-koelle-was-die-gezeiten-fluestern\/","title":{"rendered":"Patricia Koelle: Was die Gezeiten fl\u00fcstern"},"content":{"rendered":"<div id=\"buv\">\n<p>Der Roman &#8222;Was die Gezeiten fl\u00fcstern&#8220; ist der 3. Band der Nordsee-Trilogie von der Autorin <a title=\"B\u00fccher von Patricia Koelle\" href=\"https:\/\/www.buecherserien.de\/patricia-koelle\/\">Patricia Koelle<\/a>.<\/p>\n<ul>\n<li>Titel bestellen bei:<\/li>\n<li class=\"buv_am\"><a title=\"Amazon.de\" href=\"https:\/\/www.amazon.de\/dp\/B07JNNTCD5\/ref=nosim?tag=buecherserien-21\">Amazon<\/a><\/li>\n<li class=\"buv_th\"><a title=\"Thalia.de\" href=\"https:\/\/www.awin1.com\/cread.php?awinmid=14158&amp;awinaffid=644643&amp;ued=https%3A%2F%2Fwww.thalia.de%2Fshop%2Fhome%2Fartikeldetails%2FEAN9783104902951\">Thalia<\/a><\/li>\n<li class=\"buv_hu\"><a title=\"Hugendubel.de\" href=\"https:\/\/clk.tradedoubler.com\/click?p=249407&#038;a=3222251&#038;url=https%3A%2F%2Fwww.hugendubel.de%2Fde%2Fproduct%3Fid%3D9783104902951\">Hugendubel<\/a><\/li>\n<li class=\"buv_eb\"><a title=\"eBook.de\" href=\"https:\/\/clk.tradedoubler.com\/click?p=324630&#038;a=3222251&#038;url=https%3A%2F%2Fwww.ebook.de%2Fde%2Fproduct%3Fid%3D9783104902951\">eBook.de<\/a><\/li>\n<\/ul>\n<ol>\n<li><strong>Infos \u00fcber das Buch:<\/strong><\/li>\n<li><strong>Serie:<\/strong> Nordsee-Trilogie 3<\/li>\n<li><strong>Verlag:<\/strong> Fischer<\/li>\n<li><strong>Seiten:<\/strong> 544\/li>\n<li><strong>Ver\u00f6ffentlichung:<\/strong> 24.4.2019<\/li>\n<li><strong>Formate:<\/strong> Buch, eBook<\/li>\n<li><strong>Buch-ISBN:<\/strong> 9783596297627<\/li>\n<\/ol>\n<div class=\"clearfix\"><\/div>\n<div class=\"buech-content-tipps\" id=\"buech-2182106220\"><p>Oder gebraucht suchen bei <a href=\"https:\/\/www.awin1.com\/awclick.php?gid=362166&mid=11364&awinaffid=644643&linkid=2376078&clickref=\">Medimops<\/a>.<\/p><\/div><h2>Inhaltsangabe von &#8222;Was die Gezeiten fl\u00fcstern&#8220;:<\/h2>\n<p><img loading=\"lazy\" decoding=\"async\" src=\"https:\/\/www.buecherserien.de\/de\/wp-content\/uploads\/patricia-koelle-nordsee-trilogie-3.jpg\" alt=\"Was die Gezeiten fl\u00fcstern von Patricia Koelle\" width=\"250\" height=\"400\" \/>Amrum, 1932. Der junge Skem Rossmonith liebt das Watt. Als sein Vater stirbt, muss er hart arbeiten, um sich und seine Mutter zu ern\u00e4hren. Dabei macht er im Watt eine Entdeckung, die sein Leben ver\u00e4ndert.<br \/>\nBerlin, heute. Kunststudentin Valerie f\u00e4llt aus allen Wolken, als sie erf\u00e4hrt, dass der Mann, den sie bisher f\u00fcr ihren Vater hielt, das gar nicht ist. Auf der Suche nach ihren Wurzeln begibt sie sich nach Amrum.<br \/>\nDort trifft sie den alten Skem, der ein Geheimnis h\u00fctet. Kann Valerie ihm helfen, dieses zu l\u00fcften und sich mit der Vergangenheit zu vers\u00f6hnen? Und kann sie ihren wahren Vater finden?<br \/>\nUnerwartet bekommt sie Hilfe \u2026 und trifft jemanden, der ihr Herz erobert. Dabei hatte sie sich doch geschworen, sich nie mehr zu verlieben!<\/p>\n<div class=\"clearfix\"><\/div>\n<p id=\"buv_back_single\"><a href=\"https:\/\/www.buecherserien.de\/patricia-koelle\/\">Zur\u00fcck zur Autorenseite<\/a><\/p>\n<\/div>","protected":false},"excerpt":{"rendered":"<p>Der Roman &#8222;Was die Gezeiten fl\u00fcstern&#8220; ist der 3. Band der Nordsee-Trilogie von der Autorin Patricia Koelle. Titel bestellen bei: Amazon Thalia Hugendubel eBook.de Infos \u00fcber das Buch: Serie: Nordsee-Trilogie 3 Verlag: Fischer Seiten: 544\/li> Ver\u00f6ffentlichung: 24.4.2019 Formate: Buch, eBook Buch-ISBN: 9783596297627 Inhaltsangabe von &#8222;Was die Gezeiten fl\u00fcstern&#8220;: Amrum, 1932. Der junge Skem Rossmonith liebt [&hellip;]<\/p>\n","protected":false},"author":1,"featured_media":2571,"comment_status":"open","ping_status":"closed","sticky":false,"template":"","format":"standard","meta":{"_et_pb_use_builder":"","_et_pb_old_content":"","_et_gb_content_width":"","footnotes":""},"categories":[22],"tags":[68],"class_list":["post-2570","post","type-post","status-publish","format-standard","has-post-thumbnail","hentry","category-romantik","tag-patricia-koelle"],"_links":{"self":[{"href":"https:\/\/www.buecherserien.de\/de\/wp-json\/wp\/v2\/posts\/2570","targetHints":{"allow":["GET"]}}],"collection":[{"href":"https:\/\/www.buecherserien.de\/de\/wp-json\/wp\/v2\/posts"}],"about":[{"href":"https:\/\/www.buecherserien.de\/de\/wp-json\/wp\/v2\/types\/post"}],"author":[{"embeddable":true,"href":"https:\/\/www.buecherserien.de\/de\/wp-json\/wp\/v2\/users\/1"}],"replies":[{"embeddable":true,"href":"https:\/\/www.buecherserien.de\/de\/wp-json\/wp\/v2\/comments?post=2570"}],"version-history":[{"count":0,"href":"https:\/\/www.buecherserien.de\/de\/wp-json\/wp\/v2\/posts\/2570\/revisions"}],"wp:featuredmedia":[{"embeddable":true,"href":"https:\/\/www.buecherserien.de\/de\/wp-json\/wp\/v2\/media\/2571"}],"wp:attachment":[{"href":"https:\/\/www.buecherserien.de\/de\/wp-json\/wp\/v2\/media?parent=2570"}],"wp:term":[{"taxonomy":"category","embeddable":true,"href":"https:\/\/www.buecherserien.de\/de\/wp-json\/wp\/v2\/categories?post=2570"},{"taxonomy":"post_tag","embeddable":true,"href":"https:\/\/www.buecherserien.de\/de\/wp-json\/wp\/v2\/tags?post=2570"}],"curies":[{"name":"wp","href":"https:\/\/api.w.org\/{rel}","templated":true}]}}