{"id":2553,"date":"2021-05-05T13:44:37","date_gmt":"2021-05-05T11:44:37","guid":{"rendered":"https:\/\/www.buecherserien.de\/de\/?p=2553"},"modified":"2021-05-05T13:44:43","modified_gmt":"2021-05-05T11:44:43","slug":"patricia-koelle-laecheln-der-libellen","status":"publish","type":"post","link":"https:\/\/www.buecherserien.de\/de\/patricia-koelle-laecheln-der-libellen\/","title":{"rendered":"Patricia Koelle: Das L\u00e4cheln der Libellen"},"content":{"rendered":"<div id=\"buv\">\n<p>Der Roman &#8222;Das L\u00e4cheln der Libellen&#8220; ist der 2. Band der Inselg\u00e4rten-Reihe von der Autorin <a title=\"B\u00fccher von Patricia Koelle\" href=\"https:\/\/www.buecherserien.de\/patricia-koelle\/\">Patricia Koelle<\/a>.<\/p>\n<ul>\n<li>Titel bestellen bei:<\/li>\n<li class=\"buv_am\"><a title=\"Amazon.de\" href=\"https:\/\/www.amazon.de\/dp\/B087FB4952\/ref=nosim?tag=buecherserien-21\">Amazon<\/a><\/li>\n<li class=\"buv_th\"><a title=\"Thalia.de\" href=\"https:\/\/www.awin1.com\/cread.php?awinmid=14158&amp;awinaffid=644643&amp;ued=https%3A%2F%2Fwww.thalia.de%2Fshop%2Fhome%2Fartikeldetails%2FEAN9783104911496\">Thalia<\/a><\/li>\n<li class=\"buv_hu\"><a title=\"Hugendubel.de\" href=\"https:\/\/clk.tradedoubler.com\/click?p=249407&#038;a=3222251&#038;url=https%3A%2F%2Fwww.hugendubel.de%2Fde%2Fproduct%3Fid%3D9783104911496\">Hugendubel<\/a><\/li>\n<li class=\"buv_eb\"><a title=\"eBook.de\" href=\"https:\/\/clk.tradedoubler.com\/click?p=324630&#038;a=3222251&#038;url=https%3A%2F%2Fwww.ebook.de%2Fde%2Fproduct%3Fid%3D9783104911496\">eBook.de<\/a><\/li>\n<\/ul>\n<ol>\n<li><strong>Infos \u00fcber das Buch:<\/strong><\/li>\n<li><strong>Serie:<\/strong> Inselg\u00e4rten 2<\/li>\n<li><strong>Verlag:<\/strong> Fischer<\/li>\n<li><strong>Seiten:<\/strong> 528<\/li>\n<li><strong>Ver\u00f6ffentlichung:<\/strong> 28.10.2020<\/li>\n<li><strong>Formate:<\/strong> Buch, eBook<\/li>\n<li><strong>Buch-ISBN:<\/strong> 9783596705283<\/li>\n<\/ol>\n<div class=\"clearfix\"><\/div>\n<div class=\"buech-content-tipps\" id=\"buech-2357073186\"><p>Oder gebraucht suchen bei <a href=\"https:\/\/www.awin1.com\/awclick.php?gid=362166&mid=11364&awinaffid=644643&linkid=2376078&clickref=\">Medimops<\/a>.<\/p><\/div><h2>Inhaltsangabe von &#8222;Das L\u00e4cheln der Libellen&#8220;:<\/h2>\n<p><img loading=\"lazy\" decoding=\"async\" src=\"https:\/\/www.buecherserien.de\/de\/wp-content\/uploads\/patricia-koelle-inselgarten-2.jpg\" alt=\"Das L\u00e4cheln der Libellen von Patricia Koelle\" width=\"250\" height=\"400\" \/>Juna k\u00e4mpft sich nach dem Tod ihres Mannes zur\u00fcck ins Leben. Linnea muss sich nach einer Trennung und Turbulenzen im Job neu orientieren. Als die beiden Frauen sich begegnen und Freundschaft schlie\u00dfen, merken sie, wie sie sich gegenseitig Mut geben und inspirieren k\u00f6nnen. Eine gemeinsame Reise f\u00fchrt die beiden auf die Insel Hiddensee, wo sie das Geheimnis des goldenen Libellenanh\u00e4ngers l\u00fcften wollen, den Juna einst geerbt hat. Die Faszination f\u00fcr Libellen teilen beide ebenso wie den Wunsch, den Blick auf die kleinen, zauberhaften Dinge im Leben zu lenken. Schon bald gestalten sie auf Hiddensee einen Geschichtengarten, der nicht nur die Erinnerung an vergangene Zeiten bewahren soll, sondern auch f\u00fcr die Libellen und viele andere selten gewordene Lebewesen ein neues Zuhause schafft. K\u00f6nnen die beiden Frauen durch dieses Projekt auch ihren eigenen Platz im Leben wiederfinden und ihr Herz \u00f6ffnen \u2013 vielleicht sogar f\u00fcr die Liebe?<\/p>\n<div class=\"clearfix\"><\/div>\n<p id=\"buv_back_single\"><a href=\"https:\/\/www.buecherserien.de\/patricia-koelle\/\">Zur\u00fcck zur Autorenseite<\/a><\/p>\n<\/div>","protected":false},"excerpt":{"rendered":"<p>Der Roman &#8222;Das L\u00e4cheln der Libellen&#8220; ist der 2. Band der Inselg\u00e4rten-Reihe von der Autorin Patricia Koelle. Titel bestellen bei: Amazon Thalia Hugendubel eBook.de Infos \u00fcber das Buch: Serie: Inselg\u00e4rten 2 Verlag: Fischer Seiten: 528 Ver\u00f6ffentlichung: 28.10.2020 Formate: Buch, eBook Buch-ISBN: 9783596705283 Inhaltsangabe von &#8222;Das L\u00e4cheln der Libellen&#8220;: Juna k\u00e4mpft sich nach dem Tod ihres [&hellip;]<\/p>\n","protected":false},"author":1,"featured_media":2554,"comment_status":"open","ping_status":"closed","sticky":false,"template":"","format":"standard","meta":{"_et_pb_use_builder":"","_et_pb_old_content":"","_et_gb_content_width":"","footnotes":""},"categories":[22],"tags":[68],"class_list":["post-2553","post","type-post","status-publish","format-standard","has-post-thumbnail","hentry","category-romantik","tag-patricia-koelle"],"_links":{"self":[{"href":"https:\/\/www.buecherserien.de\/de\/wp-json\/wp\/v2\/posts\/2553","targetHints":{"allow":["GET"]}}],"collection":[{"href":"https:\/\/www.buecherserien.de\/de\/wp-json\/wp\/v2\/posts"}],"about":[{"href":"https:\/\/www.buecherserien.de\/de\/wp-json\/wp\/v2\/types\/post"}],"author":[{"embeddable":true,"href":"https:\/\/www.buecherserien.de\/de\/wp-json\/wp\/v2\/users\/1"}],"replies":[{"embeddable":true,"href":"https:\/\/www.buecherserien.de\/de\/wp-json\/wp\/v2\/comments?post=2553"}],"version-history":[{"count":0,"href":"https:\/\/www.buecherserien.de\/de\/wp-json\/wp\/v2\/posts\/2553\/revisions"}],"wp:featuredmedia":[{"embeddable":true,"href":"https:\/\/www.buecherserien.de\/de\/wp-json\/wp\/v2\/media\/2554"}],"wp:attachment":[{"href":"https:\/\/www.buecherserien.de\/de\/wp-json\/wp\/v2\/media?parent=2553"}],"wp:term":[{"taxonomy":"category","embeddable":true,"href":"https:\/\/www.buecherserien.de\/de\/wp-json\/wp\/v2\/categories?post=2553"},{"taxonomy":"post_tag","embeddable":true,"href":"https:\/\/www.buecherserien.de\/de\/wp-json\/wp\/v2\/tags?post=2553"}],"curies":[{"name":"wp","href":"https:\/\/api.w.org\/{rel}","templated":true}]}}