{"id":22169,"date":"2022-07-05T13:14:12","date_gmt":"2022-07-05T11:14:12","guid":{"rendered":"https:\/\/www.buecherserien.de\/de\/?p=22169"},"modified":"2022-07-05T13:14:12","modified_gmt":"2022-07-05T11:14:12","slug":"freya-jueptner-das-jahr-des-wandels","status":"publish","type":"post","link":"https:\/\/www.buecherserien.de\/de\/freya-jueptner-das-jahr-des-wandels\/","title":{"rendered":"Freya J\u00fcptner: Das Jahr des Wandels"},"content":{"rendered":"<div id=\"buv\">\n<p>Der Fantasyroman &#8222;Das Jahr des Wandels&#8220; ist der 1. Band der Reihe &#8222;Magic Crime and Defense&#8220; von der deutschen Autorin <a title=\"B\u00fccher von Freya J\u00fcptner\" href=\"https:\/\/www.buecherserien.de\/freya-jueptner\/\">Freya J\u00fcptner<\/a>.<\/p>\n<ul>\n<li>Titel bestellen bei:<\/li>\n<li class=\"buv_am\"><a title=\"Amazon.de\" href=\"https:\/\/www.amazon.de\/dp\/B09MSSDMGJ\/ref=nosim?tag=buecherserien-21\">Amazon<\/a><\/li>\n<\/ul>\n<ol>\n<li><strong>Infos \u00fcber das Buch:<\/strong><\/li>\n<li><strong>Serie:<\/strong> Magic Crime and Defense 1<\/li>\n<li><strong>Verlag:<\/strong> Independently published<\/li>\n<li><strong>Seiten:<\/strong> 466<\/li>\n<li><strong>Ver\u00f6ffentlichung:<\/strong> 30.11.2021<\/li>\n<li><strong>Formate:<\/strong> Buch, eBook<\/li>\n<li><strong>Buch-ISBN:<\/strong> 9798461343286<\/li>\n<\/ol>\n<div class=\"clearfix\"><\/div>\n<div class=\"buech-content-tipps\" id=\"buech-2318096169\"><p>Oder gebraucht suchen bei <a href=\"https:\/\/www.awin1.com\/awclick.php?gid=362166&mid=11364&awinaffid=644643&linkid=2376078&clickref=\">Medimops<\/a>.<\/p><\/div><h2>Inhaltsangabe von &#8222;Das Jahr des Wandels&#8220;:<\/h2>\n<p><img loading=\"lazy\" decoding=\"async\" src=\"https:\/\/www.buecherserien.de\/de\/wp-content\/uploads\/freya-jueptner-magic-crime-1.jpg\" alt=\"Das Jahr des Wandels von Freya J\u00fcptner\" width=\"250\" height=\"400\" \/>Fiadh O\u00b4Shea ist Ermittlerin der irischen Polizei und geh\u00f6rt auch zur Special Detective Unit. Sie wird gerufen, wenn die F\u00e4lle ungew\u00f6hnlich sind. Dies trifft auch auf einen Mordfall an den Cliffs of Moher zu. Doch bald wird klar, dies ist nicht der einzige besondere Mordfall in Europa.<\/p>\n<p>So kommt im Laufe weniger Tage ein au\u00dfergew\u00f6hnliches Ermittlungsteam zusammen, dass nicht nur durch die Charaktereigenschaften der Ermittler definiert wird. Auch ihre magischen Besonderheiten werden ben\u00f6tigt. Denn genau genommen, ist keiner der vier Ermittler ein Mensch.<\/p>\n<p>Neben Ralf Kreutzwall, einem deutschen Kriminalkommissar des BKA, schlie\u00dfen sich Gunnar Ulfhednar von der d\u00e4nischen Polizei und Hauptmann Yekaterina Rusalka der russischen Strafverfolgungsbeh\u00f6rde dem internationalen Team an.<\/p>\n<p>Diese Mordermittlung wird uns in eine Welt mitnehmen, in der nicht nur Faerie, Berserker-W\u00f6lfe, Hexen und Vampire unter den Menschen leben und arbeiten. Auch Sirenen, J\u00e4ger, Wandler und Nephelim versuchen sich in diese Welt zu integrieren. Das Team muss lernen einander zu Vertrauen, eigene Vorurteile ablegen und sich den Herausforderungen stellen.<\/p>\n<div class=\"clearfix\"><\/div>\n<p id=\"buv_back_single\"><a href=\"https:\/\/www.buecherserien.de\/freya-jueptner\/\">Zur\u00fcck zur Autorenseite<\/a><\/p>\n<\/div>","protected":false},"excerpt":{"rendered":"<p>Der Fantasyroman &#8222;Das Jahr des Wandels&#8220; ist der 1. Band der Reihe &#8222;Magic Crime and Defense&#8220; von der deutschen Autorin Freya J\u00fcptner. Titel bestellen bei: Amazon Infos \u00fcber das Buch: Serie: Magic Crime and Defense 1 Verlag: Independently published Seiten: 466 Ver\u00f6ffentlichung: 30.11.2021 Formate: Buch, eBook Buch-ISBN: 9798461343286 Inhaltsangabe von &#8222;Das Jahr des Wandels&#8220;: Fiadh [&hellip;]<\/p>\n","protected":false},"author":1,"featured_media":22170,"comment_status":"open","ping_status":"closed","sticky":false,"template":"","format":"standard","meta":{"_et_pb_use_builder":"","_et_pb_old_content":"","_et_gb_content_width":"","footnotes":""},"categories":[17],"tags":[494],"class_list":["post-22169","post","type-post","status-publish","format-standard","has-post-thumbnail","hentry","category-fantasy","tag-freya-jueptner"],"_links":{"self":[{"href":"https:\/\/www.buecherserien.de\/de\/wp-json\/wp\/v2\/posts\/22169","targetHints":{"allow":["GET"]}}],"collection":[{"href":"https:\/\/www.buecherserien.de\/de\/wp-json\/wp\/v2\/posts"}],"about":[{"href":"https:\/\/www.buecherserien.de\/de\/wp-json\/wp\/v2\/types\/post"}],"author":[{"embeddable":true,"href":"https:\/\/www.buecherserien.de\/de\/wp-json\/wp\/v2\/users\/1"}],"replies":[{"embeddable":true,"href":"https:\/\/www.buecherserien.de\/de\/wp-json\/wp\/v2\/comments?post=22169"}],"version-history":[{"count":0,"href":"https:\/\/www.buecherserien.de\/de\/wp-json\/wp\/v2\/posts\/22169\/revisions"}],"wp:featuredmedia":[{"embeddable":true,"href":"https:\/\/www.buecherserien.de\/de\/wp-json\/wp\/v2\/media\/22170"}],"wp:attachment":[{"href":"https:\/\/www.buecherserien.de\/de\/wp-json\/wp\/v2\/media?parent=22169"}],"wp:term":[{"taxonomy":"category","embeddable":true,"href":"https:\/\/www.buecherserien.de\/de\/wp-json\/wp\/v2\/categories?post=22169"},{"taxonomy":"post_tag","embeddable":true,"href":"https:\/\/www.buecherserien.de\/de\/wp-json\/wp\/v2\/tags?post=22169"}],"curies":[{"name":"wp","href":"https:\/\/api.w.org\/{rel}","templated":true}]}}