{"id":20834,"date":"2022-07-07T09:37:56","date_gmt":"2022-07-07T07:37:56","guid":{"rendered":"https:\/\/www.buecherserien.de\/de\/?p=20834"},"modified":"2022-07-07T09:37:56","modified_gmt":"2022-07-07T07:37:56","slug":"petros-markaris-zahltag","status":"publish","type":"post","link":"https:\/\/www.buecherserien.de\/de\/petros-markaris-zahltag\/","title":{"rendered":"Petros Markaris: Zahltag"},"content":{"rendered":"<div id=\"buv\">\n<p>Der Kriminalroman &#8222;Zahltag&#8220; ist der 7. Band der Kostas Charitos-Reihe von dem griechischen Autor <a title=\"B\u00fccher von Petros Markaris\" href=\"https:\/\/www.buecherserien.de\/petros-markaris\/\">Petros Markaris<\/a>.<\/p>\n<ul>\n<li>Titel bestellen bei:<\/li>\n<li class=\"buv_am\"><a title=\"Amazon.de\" href=\"https:\/\/www.amazon.de\/dp\/B0091R4IFQ\/ref=nosim?tag=buecherserien-21\">Amazon<\/a><\/li>\n<li class=\"buv_th\"><a title=\"Thalia.de\" href=\"https:\/\/www.awin1.com\/cread.php?awinmid=14158&amp;awinaffid=644643&amp;ued=https%3A%2F%2Fwww.thalia.de%2Fshop%2Fhome%2Fartikeldetails%2FEAN9783257601862\">Thalia<\/a><\/li>\n<li class=\"buv_hu\"><a title=\"Hugendubel.de\" href=\"https:\/\/clk.tradedoubler.com\/click?p=249407&#038;a=3222251&#038;url=https%3A%2F%2Fwww.hugendubel.de%2Fde%2Fproduct%3Fid%3D9783257601862\">Hugendubel<\/a><\/li>\n<li class=\"buv_eb\"><a title=\"eBook.de\" href=\"https:\/\/clk.tradedoubler.com\/click?p=324630&#038;a=3222251&#038;url=https%3A%2F%2Fwww.ebook.de%2Fde%2Fproduct%3Fid%3D9783257601862\">eBook.de<\/a><\/li>\n<\/ul>\n<ol>\n<li><strong>Infos \u00fcber das Buch:<\/strong><\/li>\n<li><strong>Serie:<\/strong> Kostas Charitos 7<\/li>\n<li><strong>Verlag:<\/strong> Diogenes<\/li>\n<li><strong>Seiten:<\/strong> 432<\/li>\n<li><strong>Ver\u00f6ffentlichung:<\/strong> 28.8.2012<\/li>\n<li><strong>Formate:<\/strong> Buch, eBook, H\u00f6rbuch<\/li>\n<li><strong>Buch-ISBN:<\/strong>\u200e\u200e 9783257242683<\/li>\n<\/ol>\n<div class=\"clearfix\"><\/div>\n<div class=\"buech-content-tipps\" id=\"buech-2127709800\"><p>Oder gebraucht suchen bei <a href=\"https:\/\/www.awin1.com\/awclick.php?gid=362166&mid=11364&awinaffid=644643&linkid=2376078&clickref=\">Medimops<\/a>.<\/p><\/div><h2>Inhaltsangabe von &#8222;Zahltag&#8220;:<\/h2>\n<p><img loading=\"lazy\" decoding=\"async\" src=\"https:\/\/www.buecherserien.de\/de\/wp-content\/uploads\/petros-markaris-charitos-7.jpg\" alt=\"Zahltag von Petros Markaris\" width=\"250\" height=\"400\" \/>Reiche Griechen zahlen keine Steuern. Arme Griechen emp\u00f6ren sich dar\u00fcber, oder sie verzweifeln ob ihrer aussichtslosen Lage. Im zweiten Band der Krisentrilogie tut ein selbsternannter \u00bbnationaler Steuereintreiber\u00ab weder das eine noch das andere: Er handelt. Mit Drohbriefen, Schierlingsgift und Pfeilbogen \u2013 im Namen des Staates.<\/p>\n<div class=\"clearfix\"><\/div>\n<p id=\"buv_back_single\"><a href=\"https:\/\/www.buecherserien.de\/petros-markaris\/\">Zur\u00fcck zur Autorenseite<\/a><\/p>\n<\/div>","protected":false},"excerpt":{"rendered":"<p>Der Kriminalroman &#8222;Zahltag&#8220; ist der 7. Band der Kostas Charitos-Reihe von dem griechischen Autor Petros Markaris. Titel bestellen bei: Amazon Thalia Hugendubel eBook.de Infos \u00fcber das Buch: Serie: Kostas Charitos 7 Verlag: Diogenes Seiten: 432 Ver\u00f6ffentlichung: 28.8.2012 Formate: Buch, eBook, H\u00f6rbuch Buch-ISBN:\u200e\u200e 9783257242683 Inhaltsangabe von &#8222;Zahltag&#8220;: Reiche Griechen zahlen keine Steuern. Arme Griechen emp\u00f6ren sich [&hellip;]<\/p>\n","protected":false},"author":2,"featured_media":20835,"comment_status":"open","ping_status":"closed","sticky":false,"template":"","format":"standard","meta":{"_et_pb_use_builder":"","_et_pb_old_content":"","_et_gb_content_width":"","footnotes":""},"categories":[18],"tags":[428],"class_list":["post-20834","post","type-post","status-publish","format-standard","has-post-thumbnail","hentry","category-krimi-thriller","tag-petros-markaris"],"_links":{"self":[{"href":"https:\/\/www.buecherserien.de\/de\/wp-json\/wp\/v2\/posts\/20834","targetHints":{"allow":["GET"]}}],"collection":[{"href":"https:\/\/www.buecherserien.de\/de\/wp-json\/wp\/v2\/posts"}],"about":[{"href":"https:\/\/www.buecherserien.de\/de\/wp-json\/wp\/v2\/types\/post"}],"author":[{"embeddable":true,"href":"https:\/\/www.buecherserien.de\/de\/wp-json\/wp\/v2\/users\/2"}],"replies":[{"embeddable":true,"href":"https:\/\/www.buecherserien.de\/de\/wp-json\/wp\/v2\/comments?post=20834"}],"version-history":[{"count":0,"href":"https:\/\/www.buecherserien.de\/de\/wp-json\/wp\/v2\/posts\/20834\/revisions"}],"wp:featuredmedia":[{"embeddable":true,"href":"https:\/\/www.buecherserien.de\/de\/wp-json\/wp\/v2\/media\/20835"}],"wp:attachment":[{"href":"https:\/\/www.buecherserien.de\/de\/wp-json\/wp\/v2\/media?parent=20834"}],"wp:term":[{"taxonomy":"category","embeddable":true,"href":"https:\/\/www.buecherserien.de\/de\/wp-json\/wp\/v2\/categories?post=20834"},{"taxonomy":"post_tag","embeddable":true,"href":"https:\/\/www.buecherserien.de\/de\/wp-json\/wp\/v2\/tags?post=20834"}],"curies":[{"name":"wp","href":"https:\/\/api.w.org\/{rel}","templated":true}]}}