{"id":20825,"date":"2022-07-07T09:34:22","date_gmt":"2022-07-07T07:34:22","guid":{"rendered":"https:\/\/www.buecherserien.de\/de\/?p=20825"},"modified":"2022-07-07T09:34:22","modified_gmt":"2022-07-07T07:34:22","slug":"petros-markaris-der-grossaktionaer","status":"publish","type":"post","link":"https:\/\/www.buecherserien.de\/de\/petros-markaris-der-grossaktionaer\/","title":{"rendered":"Petros Markaris: Der Gro\u00dfaktion\u00e4r"},"content":{"rendered":"<div id=\"buv\">\n<p>Der Kriminalroman &#8222;Der Gro\u00dfaktion\u00e4r&#8220; ist der 4. Band der Kostas Charitos-Reihe von dem griechischen Autor <a title=\"B\u00fccher von Petros Markaris\" href=\"https:\/\/www.buecherserien.de\/petros-markaris\/\">Petros Markaris<\/a>.<\/p>\n<ul>\n<li>Titel bestellen bei:<\/li>\n<li class=\"buv_am\"><a title=\"Amazon.de\" href=\"https:\/\/www.amazon.de\/dp\/B00R6WLXZQ\/ref=nosim?tag=buecherserien-21\">Amazon<\/a><\/li>\n<li class=\"buv_th\"><a title=\"Thalia.de\" href=\"https:\/\/www.awin1.com\/cread.php?awinmid=14158&amp;awinaffid=644643&amp;ued=https%3A%2F%2Fwww.thalia.de%2Fshop%2Fhome%2Fartikeldetails%2FEAN9783257606348\">Thalia<\/a><\/li>\n<li class=\"buv_hu\"><a title=\"Hugendubel.de\" href=\"https:\/\/clk.tradedoubler.com\/click?p=249407&#038;a=3222251&#038;url=https%3A%2F%2Fwww.hugendubel.de%2Fde%2Fproduct%3Fid%3D9783257606348\">Hugendubel<\/a><\/li>\n<li class=\"buv_eb\"><a title=\"eBook.de\" href=\"https:\/\/clk.tradedoubler.com\/click?p=324630&#038;a=3222251&#038;url=https%3A%2F%2Fwww.ebook.de%2Fde%2Fproduct%3Fid%3D9783257606348\">eBook.de<\/a><\/li>\n<\/ul>\n<ol>\n<li><strong>Infos \u00fcber das Buch:<\/strong><\/li>\n<li><strong>Serie:<\/strong> Kostas Charitos 4<\/li>\n<li><strong>Verlag:<\/strong> Diogenes<\/li>\n<li><strong>Seiten:<\/strong> 480<\/li>\n<li><strong>Ver\u00f6ffentlichung:<\/strong> 1.4.2007<\/li>\n<li><strong>Formate:<\/strong> Buch, eBook, H\u00f6rbuch<\/li>\n<li><strong>Buch-ISBN:<\/strong>\u200e\u200e 9783257237870<\/li>\n<\/ol>\n<div class=\"clearfix\"><\/div>\n<div class=\"buech-content-tipps\" id=\"buech-1195435605\"><p>Oder gebraucht suchen bei <a href=\"https:\/\/www.awin1.com\/awclick.php?gid=362166&mid=11364&awinaffid=644643&linkid=2376078&clickref=\">Medimops<\/a>.<\/p><\/div><h2>Inhaltsangabe von &#8222;Der Gro\u00dfaktion\u00e4r&#8220;:<\/h2>\n<p><img loading=\"lazy\" decoding=\"async\" src=\"https:\/\/www.buecherserien.de\/de\/wp-content\/uploads\/petros-markaris-charitos-4.jpg\" alt=\"Der Gro\u00dfaktion\u00e4r von Petros Markaris\" width=\"250\" height=\"400\" \/>Der Traum von einer gerechteren Welt \u2013 in seinem Namen wird Gutes getan, aber auch get\u00f6tet und Gewalt ausge\u00fcbt. Dies bekommt Katerina zu sp\u00fcren, als sie in die H\u00e4nde von Terroristen f\u00e4llt. Ihr Vater Kostas Charitos dreht fast durch. Er, der Kommissar, muss jetzt stillhalten, Geduld haben, Nerven beweisen.<\/p>\n<div class=\"clearfix\"><\/div>\n<p id=\"buv_back_single\"><a href=\"https:\/\/www.buecherserien.de\/petros-markaris\/\">Zur\u00fcck zur Autorenseite<\/a><\/p>\n<\/div>","protected":false},"excerpt":{"rendered":"<p>Der Kriminalroman &#8222;Der Gro\u00dfaktion\u00e4r&#8220; ist der 4. Band der Kostas Charitos-Reihe von dem griechischen Autor Petros Markaris. Titel bestellen bei: Amazon Thalia Hugendubel eBook.de Infos \u00fcber das Buch: Serie: Kostas Charitos 4 Verlag: Diogenes Seiten: 480 Ver\u00f6ffentlichung: 1.4.2007 Formate: Buch, eBook, H\u00f6rbuch Buch-ISBN:\u200e\u200e 9783257237870 Inhaltsangabe von &#8222;Der Gro\u00dfaktion\u00e4r&#8220;: Der Traum von einer gerechteren Welt \u2013 [&hellip;]<\/p>\n","protected":false},"author":2,"featured_media":20826,"comment_status":"open","ping_status":"closed","sticky":false,"template":"","format":"standard","meta":{"_et_pb_use_builder":"","_et_pb_old_content":"","_et_gb_content_width":"","footnotes":""},"categories":[18],"tags":[428],"class_list":["post-20825","post","type-post","status-publish","format-standard","has-post-thumbnail","hentry","category-krimi-thriller","tag-petros-markaris"],"_links":{"self":[{"href":"https:\/\/www.buecherserien.de\/de\/wp-json\/wp\/v2\/posts\/20825","targetHints":{"allow":["GET"]}}],"collection":[{"href":"https:\/\/www.buecherserien.de\/de\/wp-json\/wp\/v2\/posts"}],"about":[{"href":"https:\/\/www.buecherserien.de\/de\/wp-json\/wp\/v2\/types\/post"}],"author":[{"embeddable":true,"href":"https:\/\/www.buecherserien.de\/de\/wp-json\/wp\/v2\/users\/2"}],"replies":[{"embeddable":true,"href":"https:\/\/www.buecherserien.de\/de\/wp-json\/wp\/v2\/comments?post=20825"}],"version-history":[{"count":0,"href":"https:\/\/www.buecherserien.de\/de\/wp-json\/wp\/v2\/posts\/20825\/revisions"}],"wp:featuredmedia":[{"embeddable":true,"href":"https:\/\/www.buecherserien.de\/de\/wp-json\/wp\/v2\/media\/20826"}],"wp:attachment":[{"href":"https:\/\/www.buecherserien.de\/de\/wp-json\/wp\/v2\/media?parent=20825"}],"wp:term":[{"taxonomy":"category","embeddable":true,"href":"https:\/\/www.buecherserien.de\/de\/wp-json\/wp\/v2\/categories?post=20825"},{"taxonomy":"post_tag","embeddable":true,"href":"https:\/\/www.buecherserien.de\/de\/wp-json\/wp\/v2\/tags?post=20825"}],"curies":[{"name":"wp","href":"https:\/\/api.w.org\/{rel}","templated":true}]}}