{"id":20764,"date":"2022-07-06T13:12:29","date_gmt":"2022-07-06T11:12:29","guid":{"rendered":"https:\/\/www.buecherserien.de\/de\/?p=20764"},"modified":"2022-07-06T13:12:29","modified_gmt":"2022-07-06T11:12:29","slug":"ina-haller-aargauer-abgruende","status":"publish","type":"post","link":"https:\/\/www.buecherserien.de\/de\/ina-haller-aargauer-abgruende\/","title":{"rendered":"Ina Haller: Aargauer Abgr\u00fcnde"},"content":{"rendered":"<div id=\"buv\">\n<p>Der Kriminalroman &#8222;Aargauer Abgr\u00fcnde&#8220; ist der 9. Band der Kantonspolizei Aargau-Reihe von der deutsch-schweizerischen Autorin <a title=\"B\u00fccher von Ina Haller\" href=\"https:\/\/www.buecherserien.de\/ina-haller\/\">Ina Haller<\/a>.<\/p>\n<ul>\n<li>Titel bestellen bei:<\/li>\n<li class=\"buv_am\"><a title=\"Amazon.de\" href=\"https:\/\/www.amazon.de\/dp\/B093Q6MPM1\/ref=nosim?tag=buecherserien-21\">Amazon<\/a><\/li>\n<li class=\"buv_th\"><a title=\"Thalia.de\" href=\"https:\/\/www.awin1.com\/cread.php?awinmid=14158&amp;awinaffid=644643&amp;ued=https%3A%2F%2Fwww.thalia.de%2Fshop%2Fhome%2Fartikeldetails%2FEAN9783960417583\">Thalia<\/a><\/li>\n<li class=\"buv_hu\"><a title=\"Hugendubel.de\" href=\"https:\/\/clk.tradedoubler.com\/click?p=249407&#038;a=3222251&#038;url=https%3A%2F%2Fwww.hugendubel.de%2Fde%2Fproduct%3Fid%3D9783960417583\">Hugendubel<\/a><\/li>\n<li class=\"buv_eb\"><a title=\"eBook.de\" href=\"https:\/\/clk.tradedoubler.com\/click?p=324630&#038;a=3222251&#038;url=https%3A%2F%2Fwww.ebook.de%2Fde%2Fproduct%3Fid%3D9783960417583\">eBook.de<\/a><\/li>\n<\/ul>\n<ol>\n<li><strong>Infos \u00fcber das Buch:<\/strong><\/li>\n<li><strong>Serie:<\/strong> Kantonspolizei Aargau 9<\/li>\n<li><strong>Verlag:<\/strong> Emons<\/li>\n<li><strong>Seiten:<\/strong> 272<\/li>\n<li><strong>Ver\u00f6ffentlichung:<\/strong> 28.9.2021<\/li>\n<li><strong>Formate:<\/strong> Buch, eBook<\/li>\n<li><strong>Buch-ISBN:<\/strong> 9783740812591<\/li>\n<\/ol>\n<div class=\"clearfix\"><\/div>\n<div class=\"buech-content-tipps\" id=\"buech-2696752893\"><p>Oder gebraucht suchen bei <a href=\"https:\/\/www.awin1.com\/awclick.php?gid=362166&mid=11364&awinaffid=644643&linkid=2376078&clickref=\">Medimops<\/a>.<\/p><\/div><h2>Inhaltsangabe von &#8222;Aargauer Abgr\u00fcnde&#8220;:<\/h2>\n<p><img loading=\"lazy\" decoding=\"async\" src=\"https:\/\/www.buecherserien.de\/de\/wp-content\/uploads\/ina-haller-aargau-9.jpg\" alt=\"Aargauer Abgr\u00fcnde von Ina Haller\" width=\"250\" height=\"400\" \/>Spannende Unterhaltung mit viel Herz und einer guten Portion Humor. Eine Mordserie, die zun\u00e4chst ohne Zusammenhang scheint, ersch\u00fcttert den Aargau. Susanna Marioni von der Kantonspolizei glaubt Hinweise zu erkennen, die auf ihre eigene Vergangenheit weisen, und bittet Andrina, ihr bei ihren inoffiziellen Ermittlungen zu helfen. Was die beiden nicht wissen: Der T\u00e4ter ist ihnen l\u00e4ngst auf den Fersen. Nach einem Anschlag auf ihr Leben muss Andrina untertauchen und erh\u00e4lt dabei Unterst\u00fctzung von unerwarteter Seite. Aber kann sie dieser Person wirklich trauen?<\/p>\n<div class=\"clearfix\"><\/div>\n<p id=\"buv_back_single\"><a href=\"https:\/\/www.buecherserien.de\/ina-haller\/\">Zur\u00fcck zur Autorenseite<\/a><\/p>\n<\/div>","protected":false},"excerpt":{"rendered":"<p>Der Kriminalroman &#8222;Aargauer Abgr\u00fcnde&#8220; ist der 9. Band der Kantonspolizei Aargau-Reihe von der deutsch-schweizerischen Autorin Ina Haller. Titel bestellen bei: Amazon Thalia Hugendubel eBook.de Infos \u00fcber das Buch: Serie: Kantonspolizei Aargau 9 Verlag: Emons Seiten: 272 Ver\u00f6ffentlichung: 28.9.2021 Formate: Buch, eBook Buch-ISBN: 9783740812591 Inhaltsangabe von &#8222;Aargauer Abgr\u00fcnde&#8220;: Spannende Unterhaltung mit viel Herz und einer guten [&hellip;]<\/p>\n","protected":false},"author":2,"featured_media":20765,"comment_status":"open","ping_status":"closed","sticky":false,"template":"","format":"standard","meta":{"_et_pb_use_builder":"","_et_pb_old_content":"","_et_gb_content_width":"","footnotes":""},"categories":[18],"tags":[427],"class_list":["post-20764","post","type-post","status-publish","format-standard","has-post-thumbnail","hentry","category-krimi-thriller","tag-ina-haller"],"_links":{"self":[{"href":"https:\/\/www.buecherserien.de\/de\/wp-json\/wp\/v2\/posts\/20764","targetHints":{"allow":["GET"]}}],"collection":[{"href":"https:\/\/www.buecherserien.de\/de\/wp-json\/wp\/v2\/posts"}],"about":[{"href":"https:\/\/www.buecherserien.de\/de\/wp-json\/wp\/v2\/types\/post"}],"author":[{"embeddable":true,"href":"https:\/\/www.buecherserien.de\/de\/wp-json\/wp\/v2\/users\/2"}],"replies":[{"embeddable":true,"href":"https:\/\/www.buecherserien.de\/de\/wp-json\/wp\/v2\/comments?post=20764"}],"version-history":[{"count":0,"href":"https:\/\/www.buecherserien.de\/de\/wp-json\/wp\/v2\/posts\/20764\/revisions"}],"wp:featuredmedia":[{"embeddable":true,"href":"https:\/\/www.buecherserien.de\/de\/wp-json\/wp\/v2\/media\/20765"}],"wp:attachment":[{"href":"https:\/\/www.buecherserien.de\/de\/wp-json\/wp\/v2\/media?parent=20764"}],"wp:term":[{"taxonomy":"category","embeddable":true,"href":"https:\/\/www.buecherserien.de\/de\/wp-json\/wp\/v2\/categories?post=20764"},{"taxonomy":"post_tag","embeddable":true,"href":"https:\/\/www.buecherserien.de\/de\/wp-json\/wp\/v2\/tags?post=20764"}],"curies":[{"name":"wp","href":"https:\/\/api.w.org\/{rel}","templated":true}]}}