{"id":19949,"date":"2022-04-25T10:53:33","date_gmt":"2022-04-25T08:53:33","guid":{"rendered":"https:\/\/www.buecherserien.de\/de\/?p=19949"},"modified":"2023-03-17T10:40:40","modified_gmt":"2023-03-17T09:40:40","slug":"patricia-koelle-das-licht-in-den-baeumen","status":"publish","type":"post","link":"https:\/\/www.buecherserien.de\/de\/patricia-koelle-das-licht-in-den-baeumen\/","title":{"rendered":"Patricia Koelle: Das Licht in den B\u00e4umen"},"content":{"rendered":"<div id=\"buv\">\n<p>Der Roman &#8222;Das Licht in den B\u00e4umen&#8220; ist der 1. Band der Sehnsuchtswald-Reihe von der Autorin <a title=\"B\u00fccher von Patricia Koelle\" href=\"https:\/\/www.buecherserien.de\/patricia-koelle\/\">Patricia Koelle<\/a>.<\/p>\n<ul>\n<li>Titel bestellen bei:<\/li>\n<li class=\"buv_am\"><a title=\"Amazon.de\" href=\"https:\/\/www.amazon.de\/dp\/B09YC8JTV9\/ref=nosim?tag=buecherserien-21\">Amazon<\/a><\/li>\n<li class=\"buv_th\"><a title=\"Thalia.de\" href=\"https:\/\/www.awin1.com\/cread.php?awinmid=14158&amp;awinaffid=644643&amp;ued=https%3A%2F%2Fwww.thalia.de%2Fshop%2Fhome%2Fartikeldetails%2FEAN9783104915708\">Thalia<\/a><\/li>\n<li class=\"buv_hu\"><a title=\"Hugendubel.de\" href=\"https:\/\/clk.tradedoubler.com\/click?p=249407&#038;a=3222251&#038;url=https%3A%2F%2Fwww.hugendubel.de%2Fde%2Fproduct%3Fid%3D9783104915708\">Hugendubel<\/a><\/li>\n<li class=\"buv_eb\"><a title=\"eBook.de\" href=\"https:\/\/clk.tradedoubler.com\/click?p=324630&#038;a=3222251&#038;url=https%3A%2F%2Fwww.ebook.de%2Fde%2Fproduct%3Fid%3D9783104915708\">eBook.de<\/a><\/li>\n<\/ul>\n<ol>\n<li><strong>Infos \u00fcber das Buch:<\/strong><\/li>\n<li><strong>Serie:<\/strong> Sehnsuchtswald 1<\/li>\n<li><strong>Verlag:<\/strong> Fischer<\/li>\n<li><strong>Seiten:<\/strong> 400<\/li>\n<li><strong>Ver\u00f6ffentlichung:<\/strong> 1.9.2022<\/li>\n<li><strong>Formate:<\/strong> Buch, eBook, H\u00f6rbuch<\/li>\n<li><strong>Buch-ISBN:<\/strong> 9783596707225<\/li>\n<\/ol>\n<div class=\"clearfix\"><\/div>\n<div class=\"buech-content-tipps\" id=\"buech-2248089247\"><p>Oder gebraucht suchen bei <a href=\"https:\/\/www.awin1.com\/awclick.php?gid=362166&mid=11364&awinaffid=644643&linkid=2376078&clickref=\">Medimops<\/a>.<\/p><\/div><h2>Inhaltsangabe von &#8222;Das Licht in den B\u00e4umen&#8220;:<\/h2>\n<p><img loading=\"lazy\" decoding=\"async\" src=\"https:\/\/www.buecherserien.de\/de\/wp-content\/uploads\/patricia-koelle-sehnsuchtswald-1.jpg\" alt=\"Das Licht in den B\u00e4umen von Patricia Koelle\" width=\"250\" height=\"400\" \/>Die Geschichten \u00fcber W\u00e4lder und B\u00e4ume haben Nele schon immer fasziniert. Ihre Gro\u00dfmutter Vio hat sie ihr erz\u00e4hlt, als Nele noch ein Kind war. Jetzt ist Nele erwachsen, und Vio bittet ihre Enkelin, eine kleine Kiefer nach R\u00fcgen zu bringen, damit sie dort weiter wachsen kann. Bei ihrer Ankunft l\u00fcftet Nele ein Geheimnis, das weit in ihre Familiengeschichte reicht. Sie folgt den Spuren zum Dar\u00dfer Urwald und trifft dort auf Hella, eine ehemalige F\u00f6rsterin, und auf Timon, der ihr Gef\u00fchlsleben geh\u00f6rig durcheinander bringt. Der Wald l\u00e4sst Nele nicht mehr los. Und schon bald muss sie sich fragen, wo ihr Platz im Leben eigentlich ist, und ob sie auf der Suche nach der Vergangenheit vielleicht auch zu sich selbst finden kann.<\/p>\n<div class=\"clearfix\"><\/div>\n<p id=\"buv_back_single\"><a href=\"https:\/\/www.buecherserien.de\/patricia-koelle\/\">Zur\u00fcck zur Autorenseite<\/a><\/p>\n<\/div>","protected":false},"excerpt":{"rendered":"<p>Der Roman &#8222;Das Licht in den B\u00e4umen&#8220; ist der 1. Band der Sehnsuchtswald-Reihe von der Autorin Patricia Koelle. Titel bestellen bei: Amazon Thalia Hugendubel eBook.de Infos \u00fcber das Buch: Serie: Sehnsuchtswald 1 Verlag: Fischer Seiten: 400 Ver\u00f6ffentlichung: 1.9.2022 Formate: Buch, eBook, H\u00f6rbuch Buch-ISBN: 9783596707225 Inhaltsangabe von &#8222;Das Licht in den B\u00e4umen&#8220;: Die Geschichten \u00fcber W\u00e4lder [&hellip;]<\/p>\n","protected":false},"author":1,"featured_media":19950,"comment_status":"open","ping_status":"closed","sticky":false,"template":"","format":"standard","meta":{"_et_pb_use_builder":"","_et_pb_old_content":"","_et_gb_content_width":"","footnotes":""},"categories":[22],"tags":[68],"class_list":["post-19949","post","type-post","status-publish","format-standard","has-post-thumbnail","hentry","category-romantik","tag-patricia-koelle"],"_links":{"self":[{"href":"https:\/\/www.buecherserien.de\/de\/wp-json\/wp\/v2\/posts\/19949","targetHints":{"allow":["GET"]}}],"collection":[{"href":"https:\/\/www.buecherserien.de\/de\/wp-json\/wp\/v2\/posts"}],"about":[{"href":"https:\/\/www.buecherserien.de\/de\/wp-json\/wp\/v2\/types\/post"}],"author":[{"embeddable":true,"href":"https:\/\/www.buecherserien.de\/de\/wp-json\/wp\/v2\/users\/1"}],"replies":[{"embeddable":true,"href":"https:\/\/www.buecherserien.de\/de\/wp-json\/wp\/v2\/comments?post=19949"}],"version-history":[{"count":0,"href":"https:\/\/www.buecherserien.de\/de\/wp-json\/wp\/v2\/posts\/19949\/revisions"}],"wp:featuredmedia":[{"embeddable":true,"href":"https:\/\/www.buecherserien.de\/de\/wp-json\/wp\/v2\/media\/19950"}],"wp:attachment":[{"href":"https:\/\/www.buecherserien.de\/de\/wp-json\/wp\/v2\/media?parent=19949"}],"wp:term":[{"taxonomy":"category","embeddable":true,"href":"https:\/\/www.buecherserien.de\/de\/wp-json\/wp\/v2\/categories?post=19949"},{"taxonomy":"post_tag","embeddable":true,"href":"https:\/\/www.buecherserien.de\/de\/wp-json\/wp\/v2\/tags?post=19949"}],"curies":[{"name":"wp","href":"https:\/\/api.w.org\/{rel}","templated":true}]}}