{"id":19860,"date":"2022-05-03T10:37:54","date_gmt":"2022-05-03T08:37:54","guid":{"rendered":"https:\/\/www.buecherserien.de\/de\/?p=19860"},"modified":"2022-05-03T10:37:54","modified_gmt":"2022-05-03T08:37:54","slug":"eoin-colfer-benny-und-babe","status":"publish","type":"post","link":"https:\/\/www.buecherserien.de\/de\/eoin-colfer-benny-und-babe\/","title":{"rendered":"Eoin Colfer: Benny und Babe"},"content":{"rendered":"<div id=\"buv\">\n<p>Der Jugendroman &#8222;Benny und Babe&#8220; ist der 2. Band der Benny Shaw-Reihe von dem irischen Autor <a title=\"B\u00fccher von Eoin Colfer\" href=\"https:\/\/www.buecherserien.de\/eoin-colfer\/\">Eoin Colfer<\/a>.<\/p>\n<ul>\n<li>Titel bestellen bei:<\/li>\n<li class=\"buv_am\"><a title=\"Amazon.de\" href=\"https:\/\/www.amazon.de\/dp\/3407786158\/ref=nosim?tag=buecherserien-21\">Amazon<\/a><\/li>\n<\/ul>\n<ol>\n<li><strong>Infos \u00fcber das Buch:<\/strong><\/li>\n<li><strong>Serie:<\/strong> Benny Shaw 2<\/li>\n<li><strong>Verlag:<\/strong> Beltz &#038; Gelberg<\/li>\n<li><strong>Seiten:<\/strong> 306<\/li>\n<li><strong>Ver\u00f6ffentlichung:<\/strong> 1.1.2002<\/li>\n<li><strong>Formate:<\/strong> Buch<\/li>\n<li><strong>Buch-ISBN:<\/strong>\u200e\u200e 9783407786159<\/li>\n<\/ol>\n<div class=\"clearfix\"><\/div>\n<div class=\"buech-content-tipps\" id=\"buech-1176802925\"><p>Oder gebraucht suchen bei <a href=\"https:\/\/www.awin1.com\/awclick.php?gid=362166&mid=11364&awinaffid=644643&linkid=2376078&clickref=\">Medimops<\/a>.<\/p><\/div><h2>Inhaltsangabe von &#8222;Benny und Babe&#8220;:<\/h2>\n<p><img loading=\"lazy\" decoding=\"async\" src=\"https:\/\/www.buecherserien.de\/de\/wp-content\/uploads\/eoin-colfer-benny-shaw-2.jpg\" alt=\"Benny und Babe von Eoin Colfer\" width=\"250\" height=\"400\" \/>Benny verbringt die Sommerferien in einem Dorf an der K\u00fcste Irlands. Die einheimischen Jugendlichen verspotten ihn als &#8222;St\u00e4dter&#8220; und Babe macht es ihm auch nicht gerade leicht. Die ist nicht nur ein ziemlicher Wildfang, sondern auch ganz sch\u00f6n clever: An der K\u00fcste sammelt sie K\u00f6der ein und verkauft sie zur\u00fcck an die Fischer, ein lukratives Gesch\u00e4ft. Bei der ersten Begegnung geraten Benny und Babe heftig aneinander, denn die selbstbewusste Babe steht Benny in puncto Schlagfertigkeit in nichts nach. Doch bei Reibung entsteht W\u00e4rme und die beiden verlieben sich.<\/p>\n<div class=\"clearfix\"><\/div>\n<p id=\"buv_back_single\"><a href=\"https:\/\/www.buecherserien.de\/eoin-colfer\/\">Zur\u00fcck zur Autorenseite<\/a><\/p>\n<\/div>","protected":false},"excerpt":{"rendered":"<p>Der Jugendroman &#8222;Benny und Babe&#8220; ist der 2. Band der Benny Shaw-Reihe von dem irischen Autor Eoin Colfer. Titel bestellen bei: Amazon Infos \u00fcber das Buch: Serie: Benny Shaw 2 Verlag: Beltz &#038; Gelberg Seiten: 306 Ver\u00f6ffentlichung: 1.1.2002 Formate: Buch Buch-ISBN:\u200e\u200e 9783407786159 Inhaltsangabe von &#8222;Benny und Babe&#8220;: Benny verbringt die Sommerferien in einem Dorf an [&hellip;]<\/p>\n","protected":false},"author":2,"featured_media":19861,"comment_status":"open","ping_status":"closed","sticky":false,"template":"","format":"standard","meta":{"_et_pb_use_builder":"","_et_pb_old_content":"","_et_gb_content_width":"","footnotes":""},"categories":[1],"tags":[225],"class_list":["post-19860","post","type-post","status-publish","format-standard","has-post-thumbnail","hentry","category-jugendromane","tag-eoin-colfer"],"_links":{"self":[{"href":"https:\/\/www.buecherserien.de\/de\/wp-json\/wp\/v2\/posts\/19860","targetHints":{"allow":["GET"]}}],"collection":[{"href":"https:\/\/www.buecherserien.de\/de\/wp-json\/wp\/v2\/posts"}],"about":[{"href":"https:\/\/www.buecherserien.de\/de\/wp-json\/wp\/v2\/types\/post"}],"author":[{"embeddable":true,"href":"https:\/\/www.buecherserien.de\/de\/wp-json\/wp\/v2\/users\/2"}],"replies":[{"embeddable":true,"href":"https:\/\/www.buecherserien.de\/de\/wp-json\/wp\/v2\/comments?post=19860"}],"version-history":[{"count":0,"href":"https:\/\/www.buecherserien.de\/de\/wp-json\/wp\/v2\/posts\/19860\/revisions"}],"wp:featuredmedia":[{"embeddable":true,"href":"https:\/\/www.buecherserien.de\/de\/wp-json\/wp\/v2\/media\/19861"}],"wp:attachment":[{"href":"https:\/\/www.buecherserien.de\/de\/wp-json\/wp\/v2\/media?parent=19860"}],"wp:term":[{"taxonomy":"category","embeddable":true,"href":"https:\/\/www.buecherserien.de\/de\/wp-json\/wp\/v2\/categories?post=19860"},{"taxonomy":"post_tag","embeddable":true,"href":"https:\/\/www.buecherserien.de\/de\/wp-json\/wp\/v2\/tags?post=19860"}],"curies":[{"name":"wp","href":"https:\/\/api.w.org\/{rel}","templated":true}]}}