{"id":19798,"date":"2022-04-30T11:08:12","date_gmt":"2022-04-30T09:08:12","guid":{"rendered":"https:\/\/www.buecherserien.de\/de\/?p=19798"},"modified":"2022-04-30T11:08:12","modified_gmt":"2022-04-30T09:08:12","slug":"eoin-colfer-artemis-fowl-der-comic","status":"publish","type":"post","link":"https:\/\/www.buecherserien.de\/de\/eoin-colfer-artemis-fowl-der-comic\/","title":{"rendered":"Eoin Colfer: Artemis Fowl &#8211; Der Comic"},"content":{"rendered":"<div id=\"buv\">\n<p>Das Jugend-Fantasybuch &#8222;Artemis Fowl &#8211; Der Comic&#8220; ist eine Graphic Novel zur Artemis Fowl-Reihe von dem irischen Autor <a title=\"B\u00fccher von Eoin Colfer\" href=\"https:\/\/www.buecherserien.de\/eoin-colfer\/\">Eoin Colfer<\/a>.<\/p>\n<ul>\n<li>Titel bestellen bei:<\/li>\n<li class=\"buv_am\"><a title=\"Amazon.de\" href=\"https:\/\/www.amazon.de\/dp\/3551357781\/ref=nosim?tag=buecherserien-21\">Amazon<\/a><\/li>\n<\/ul>\n<ol>\n<li><strong>Infos \u00fcber das Buch:<\/strong><\/li>\n<li><strong>Serie:<\/strong> Artemis Fowl Comic<\/li>\n<li><strong>Verlag:<\/strong> Carlsen<\/li>\n<li><strong>Seiten:<\/strong> 112<\/li>\n<li><strong>Ver\u00f6ffentlichung:<\/strong> 23.9.2008<\/li>\n<li><strong>Formate:<\/strong> Buch<\/li>\n<li><strong>Buch-ISBN:<\/strong>\u200e\u200e 9783551357786<\/li>\n<\/ol>\n<div class=\"clearfix\"><\/div>\n<div class=\"buech-content-tipps\" id=\"buech-4195145830\"><p>Oder gebraucht suchen bei <a href=\"https:\/\/www.awin1.com\/awclick.php?gid=362166&mid=11364&awinaffid=644643&linkid=2376078&clickref=\">Medimops<\/a>.<\/p><\/div><h2>Inhaltsangabe von &#8222;Artemis Fowl \u2013 Die Akte&#8220;:<\/h2>\n<p><img loading=\"lazy\" decoding=\"async\" src=\"https:\/\/www.buecherserien.de\/de\/wp-content\/uploads\/eoin-colfer-artemis-fowl-02.jpg\" alt=\"Artemis Fowl - Der Comic von Eoin Colfer\" width=\"250\" height=\"400\" \/>Artemis Fowl ist zw\u00f6lf &#8211; und ein genialer Meisterdieb. Kein Wunder, schlie\u00dflich stammt er aus einer alten Gangsterdynastie. Um den finanziellen Ruin seiner Familie zu verhindern, heckt Artemis einen unglaublichen Plan aus: Er will den legend\u00e4ren Goldschatz rauben, den das Elfenvolk tief unter der Erde h\u00fctet. Doch diese Elfen sind alles andere als niedliche M\u00e4rchengestalten &#8211; sie sind bewaffnet, hoch technisiert und \u00e4u\u00dferst gef\u00e4hrlich.<\/p>\n<div class=\"clearfix\"><\/div>\n<p id=\"buv_back_single\"><a href=\"https:\/\/www.buecherserien.de\/eoin-colfer\/\">Zur\u00fcck zur Autorenseite<\/a><\/p>\n<\/div>","protected":false},"excerpt":{"rendered":"<p>Das Jugend-Fantasybuch &#8222;Artemis Fowl &#8211; Der Comic&#8220; ist eine Graphic Novel zur Artemis Fowl-Reihe von dem irischen Autor Eoin Colfer. Titel bestellen bei: Amazon Infos \u00fcber das Buch: Serie: Artemis Fowl Comic Verlag: Carlsen Seiten: 112 Ver\u00f6ffentlichung: 23.9.2008 Formate: Buch Buch-ISBN:\u200e\u200e 9783551357786 Inhaltsangabe von &#8222;Artemis Fowl \u2013 Die Akte&#8220;: Artemis Fowl ist zw\u00f6lf &#8211; und [&hellip;]<\/p>\n","protected":false},"author":2,"featured_media":19799,"comment_status":"open","ping_status":"closed","sticky":false,"template":"","format":"standard","meta":{"_et_pb_use_builder":"","_et_pb_old_content":"","_et_gb_content_width":"","footnotes":""},"categories":[17,1],"tags":[225],"class_list":["post-19798","post","type-post","status-publish","format-standard","has-post-thumbnail","hentry","category-fantasy","category-jugendromane","tag-eoin-colfer"],"_links":{"self":[{"href":"https:\/\/www.buecherserien.de\/de\/wp-json\/wp\/v2\/posts\/19798","targetHints":{"allow":["GET"]}}],"collection":[{"href":"https:\/\/www.buecherserien.de\/de\/wp-json\/wp\/v2\/posts"}],"about":[{"href":"https:\/\/www.buecherserien.de\/de\/wp-json\/wp\/v2\/types\/post"}],"author":[{"embeddable":true,"href":"https:\/\/www.buecherserien.de\/de\/wp-json\/wp\/v2\/users\/2"}],"replies":[{"embeddable":true,"href":"https:\/\/www.buecherserien.de\/de\/wp-json\/wp\/v2\/comments?post=19798"}],"version-history":[{"count":0,"href":"https:\/\/www.buecherserien.de\/de\/wp-json\/wp\/v2\/posts\/19798\/revisions"}],"wp:featuredmedia":[{"embeddable":true,"href":"https:\/\/www.buecherserien.de\/de\/wp-json\/wp\/v2\/media\/19799"}],"wp:attachment":[{"href":"https:\/\/www.buecherserien.de\/de\/wp-json\/wp\/v2\/media?parent=19798"}],"wp:term":[{"taxonomy":"category","embeddable":true,"href":"https:\/\/www.buecherserien.de\/de\/wp-json\/wp\/v2\/categories?post=19798"},{"taxonomy":"post_tag","embeddable":true,"href":"https:\/\/www.buecherserien.de\/de\/wp-json\/wp\/v2\/tags?post=19798"}],"curies":[{"name":"wp","href":"https:\/\/api.w.org\/{rel}","templated":true}]}}