{"id":19792,"date":"2022-04-30T11:04:17","date_gmt":"2022-04-30T09:04:17","guid":{"rendered":"https:\/\/www.buecherserien.de\/de\/?p=19792"},"modified":"2022-04-30T11:04:17","modified_gmt":"2022-04-30T09:04:17","slug":"eoin-colfer-das-magische-tor","status":"publish","type":"post","link":"https:\/\/www.buecherserien.de\/de\/eoin-colfer-das-magische-tor\/","title":{"rendered":"Eoin Colfer: Das magische Tor"},"content":{"rendered":"<div id=\"buv\">\n<p>Der Jugend-Fantasyroman &#8222;Das magische Tor&#8220; ist der 8. Band der Artemis Fowl-Reihe von dem irischen Autor <a title=\"B\u00fccher von Eoin Colfer\" href=\"https:\/\/www.buecherserien.de\/eoin-colfer\/\">Eoin Colfer<\/a>.<\/p>\n<ul>\n<li>Titel bestellen bei:<\/li>\n<li class=\"buv_am\"><a title=\"Amazon.de\" href=\"https:\/\/www.amazon.de\/dp\/B00ADMQAVI\/ref=nosim?tag=buecherserien-21\">Amazon<\/a><\/li>\n<li class=\"buv_th\"><a title=\"Thalia.de\" href=\"https:\/\/www.awin1.com\/cread.php?awinmid=14158&amp;awinaffid=644643&amp;ued=https%3A%2F%2Fwww.thalia.de%2Fshop%2Fhome%2Fartikeldetails%2FEAN9783843705400\">Thalia<\/a><\/li>\n<li class=\"buv_hu\"><a title=\"Hugendubel.de\" href=\"https:\/\/clk.tradedoubler.com\/click?p=249407&#038;a=3222251&#038;url=https%3A%2F%2Fwww.hugendubel.de%2Fde%2Fproduct%3Fid%3D9783843705400\">Hugendubel<\/a><\/li>\n<li class=\"buv_eb\"><a title=\"eBook.de\" href=\"https:\/\/clk.tradedoubler.com\/click?p=324630&#038;a=3222251&#038;url=https%3A%2F%2Fwww.ebook.de%2Fde%2Fproduct%3Fid%3D9783843705400\">eBook.de<\/a><\/li>\n<\/ul>\n<ol>\n<li><strong>Infos \u00fcber das Buch:<\/strong><\/li>\n<li><strong>Serie:<\/strong> Artemis Fowl 8<\/li>\n<li><strong>Verlag:<\/strong> Ullstein<\/li>\n<li><strong>Seiten:<\/strong> 336<\/li>\n<li><strong>Ver\u00f6ffentlichung:<\/strong> 2.5.2019<\/li>\n<li><strong>Formate:<\/strong> Buch, eBook, H\u00f6rbuch<\/li>\n<li><strong>Buch-ISBN:<\/strong>\u200e\u200e 9783548061634<\/li>\n<\/ol>\n<div class=\"clearfix\"><\/div>\n<div class=\"buech-content-tipps\" id=\"buech-2755869523\"><p>Oder gebraucht suchen bei <a href=\"https:\/\/www.awin1.com\/awclick.php?gid=362166&mid=11364&awinaffid=644643&linkid=2376078&clickref=\">Medimops<\/a>.<\/p><\/div><h2>Inhaltsangabe von &#8222;Das magische Tor&#8220;:<\/h2>\n<p><img loading=\"lazy\" decoding=\"async\" src=\"https:\/\/www.buecherserien.de\/de\/wp-content\/uploads\/eoin-colfer-artemis-fowl-8.jpg\" alt=\"Das magische Tor von Eoin Colfer\" width=\"250\" height=\"400\" \/>Die b\u00f6sartige Opal Koboi will die Weltherrschaft an sich rei\u00dfen. Daf\u00fcr muss sie das sagenumwobene magische Tor \u00f6ffnen, das die gesamte Menschheit vernichten wird. Der legend\u00e4re Meisterdieb Artemis Fowl hat nat\u00fcrlich einen Plan, wie er das verhindern kann. Doch diesmal handelt es sich um ein Selbstmordkommando. Elfe Holly ahnt, was Artemis vorhat. Und sie wird alles tun, um ihn von seinem sicheren Tod abzubringen.<\/p>\n<div class=\"clearfix\"><\/div>\n<p id=\"buv_back_single\"><a href=\"https:\/\/www.buecherserien.de\/eoin-colfer\/\">Zur\u00fcck zur Autorenseite<\/a><\/p>\n<\/div>","protected":false},"excerpt":{"rendered":"<p>Der Jugend-Fantasyroman &#8222;Das magische Tor&#8220; ist der 8. Band der Artemis Fowl-Reihe von dem irischen Autor Eoin Colfer. Titel bestellen bei: Amazon Thalia Hugendubel eBook.de Infos \u00fcber das Buch: Serie: Artemis Fowl 8 Verlag: Ullstein Seiten: 336 Ver\u00f6ffentlichung: 2.5.2019 Formate: Buch, eBook, H\u00f6rbuch Buch-ISBN:\u200e\u200e 9783548061634 Inhaltsangabe von &#8222;Das magische Tor&#8220;: Die b\u00f6sartige Opal Koboi will [&hellip;]<\/p>\n","protected":false},"author":2,"featured_media":19793,"comment_status":"open","ping_status":"closed","sticky":false,"template":"","format":"standard","meta":{"_et_pb_use_builder":"","_et_pb_old_content":"","_et_gb_content_width":"","footnotes":""},"categories":[17,1],"tags":[225],"class_list":["post-19792","post","type-post","status-publish","format-standard","has-post-thumbnail","hentry","category-fantasy","category-jugendromane","tag-eoin-colfer"],"_links":{"self":[{"href":"https:\/\/www.buecherserien.de\/de\/wp-json\/wp\/v2\/posts\/19792","targetHints":{"allow":["GET"]}}],"collection":[{"href":"https:\/\/www.buecherserien.de\/de\/wp-json\/wp\/v2\/posts"}],"about":[{"href":"https:\/\/www.buecherserien.de\/de\/wp-json\/wp\/v2\/types\/post"}],"author":[{"embeddable":true,"href":"https:\/\/www.buecherserien.de\/de\/wp-json\/wp\/v2\/users\/2"}],"replies":[{"embeddable":true,"href":"https:\/\/www.buecherserien.de\/de\/wp-json\/wp\/v2\/comments?post=19792"}],"version-history":[{"count":0,"href":"https:\/\/www.buecherserien.de\/de\/wp-json\/wp\/v2\/posts\/19792\/revisions"}],"wp:featuredmedia":[{"embeddable":true,"href":"https:\/\/www.buecherserien.de\/de\/wp-json\/wp\/v2\/media\/19793"}],"wp:attachment":[{"href":"https:\/\/www.buecherserien.de\/de\/wp-json\/wp\/v2\/media?parent=19792"}],"wp:term":[{"taxonomy":"category","embeddable":true,"href":"https:\/\/www.buecherserien.de\/de\/wp-json\/wp\/v2\/categories?post=19792"},{"taxonomy":"post_tag","embeddable":true,"href":"https:\/\/www.buecherserien.de\/de\/wp-json\/wp\/v2\/tags?post=19792"}],"curies":[{"name":"wp","href":"https:\/\/api.w.org\/{rel}","templated":true}]}}