{"id":17301,"date":"2022-02-25T12:56:52","date_gmt":"2022-02-25T11:56:52","guid":{"rendered":"https:\/\/www.buecherserien.de\/de\/?p=17301"},"modified":"2022-02-25T12:56:52","modified_gmt":"2022-02-25T11:56:52","slug":"vince-flynn-executive-power-das-kommando","status":"publish","type":"post","link":"https:\/\/www.buecherserien.de\/de\/vince-flynn-executive-power-das-kommando\/","title":{"rendered":"Vince Flynn: Executive Power \u2013 Das Kommando"},"content":{"rendered":"<div id=\"buv\">\n<p>Der Thriller &#8222;Executive Power \u2013 Das Kommando&#8220; ist der 6. Band der Mitch Rapp-Reihe von dem US-amerikanischen Autor <a title=\"B\u00fccher von Vince Flynn\" href=\"https:\/\/www.buecherserien.de\/vince-flynn\/\">Vince Flynn<\/a>.<\/p>\n<ul>\n<li>Titel bestellen bei:<\/li>\n<li class=\"buv_am\"><a title=\"Amazon.de\" href=\"https:\/\/www.amazon.de\/dp\/B08BS1D8L3\/ref=nosim?tag=buecherserien-21\">Amazon<\/a><\/li>\n<li class=\"buv_th\"><a title=\"Thalia.de\" href=\"https:\/\/www.awin1.com\/cread.php?awinmid=14158&amp;awinaffid=644643&amp;ued=https%3A%2F%2Fwww.thalia.de%2Fshop%2Fhome%2Fartikeldetails%2FEAN9783865528469\">Thalia<\/a><\/li>\n<li class=\"buv_hu\"><a title=\"Hugendubel.de\" href=\"https:\/\/clk.tradedoubler.com\/click?p=249407&#038;a=3222251&#038;url=https%3A%2F%2Fwww.hugendubel.de%2Fde%2Fproduct%3Fid%3D9783865528469\">Hugendubel<\/a><\/li>\n<li class=\"buv_eb\"><a title=\"eBook.de\" href=\"https:\/\/clk.tradedoubler.com\/click?p=324630&#038;a=3222251&#038;url=https%3A%2F%2Fwww.ebook.de%2Fde%2Fproduct%3Fid%3D9783865528469\">eBook.de<\/a><\/li>\n<\/ul>\n<ol>\n<li><strong>Infos \u00fcber das Buch:<\/strong><\/li>\n<li><strong>Serie:<\/strong> Mitch Rapp 6<\/li>\n<li><strong>Verlag:<\/strong> \u200eFesta<\/li>\n<li><strong>Seiten:<\/strong> 544<\/li>\n<li><strong>Ver\u00f6ffentlichung:<\/strong> 23.7.2020<\/li>\n<li><strong>Formate:<\/strong> Buch, eBook<\/li>\n<li><strong>Buch-ISBN:<\/strong>\u200e\u200e 9783865528452<\/li>\n<\/ol>\n<div class=\"clearfix\"><\/div>\n<div class=\"buech-content-tipps\" id=\"buech-475403023\"><p>Oder gebraucht suchen bei <a href=\"https:\/\/www.awin1.com\/awclick.php?gid=362166&mid=11364&awinaffid=644643&linkid=2376078&clickref=\">Medimops<\/a>.<\/p><\/div><h2>Inhaltsangabe von &#8222;Executive Power \u2013 Das Kommando&#8220;:<\/h2>\n<p><img loading=\"lazy\" decoding=\"async\" src=\"https:\/\/www.buecherserien.de\/de\/wp-content\/uploads\/vince-flynn-mitch-rapp-6.jpg\" alt=\"Executive Power \u2013 Das Kommando von Vince Flynn\" width=\"250\" height=\"400\" \/>Im Fadenkreuz des weltweiten Terrors. V\u00f6llig unvorbereitet wird Geheimagent Mitch Rapp vom amerikanischen Pr\u00e4sidenten ins mediale Rampenlicht gezerrt. Nach jahrelanger Arbeit im Schatten kennt pl\u00f6tzlich jeder Terrorist auf der Erde sein Gesicht und seinen Namen. Rapp zieht sich hinter die Kulissen zur\u00fcck. Doch es dauert nicht lang, bis ein Team der Navy SEALs auf den Philippinen in einen t\u00f6dlichen Hinterhalt ger\u00e4t und er zur R\u00fcckkehr an die Krisenherde der Welt gezwungen ist. Ein Verr\u00e4ter in der eigenen Regierung f\u00fchrt die Welt an den Rand der Vernichtung. Mitch Rapp im Kampf gegen einen \u00fcberm\u00e4chtigen Feind.<\/p>\n<div class=\"clearfix\"><\/div>\n<p id=\"buv_back_single\"><a href=\"https:\/\/www.buecherserien.de\/vince-flynn\/\">Zur\u00fcck zur Autorenseite<\/a><\/p>\n<\/div>","protected":false},"excerpt":{"rendered":"<p>Der Thriller &#8222;Executive Power \u2013 Das Kommando&#8220; ist der 6. Band der Mitch Rapp-Reihe von dem US-amerikanischen Autor Vince Flynn. Titel bestellen bei: Amazon Thalia Hugendubel eBook.de Infos \u00fcber das Buch: Serie: Mitch Rapp 6 Verlag: \u200eFesta Seiten: 544 Ver\u00f6ffentlichung: 23.7.2020 Formate: Buch, eBook Buch-ISBN:\u200e\u200e 9783865528452 Inhaltsangabe von &#8222;Executive Power \u2013 Das Kommando&#8220;: Im Fadenkreuz [&hellip;]<\/p>\n","protected":false},"author":2,"featured_media":17302,"comment_status":"open","ping_status":"closed","sticky":false,"template":"","format":"standard","meta":{"_et_pb_use_builder":"","_et_pb_old_content":"","_et_gb_content_width":"","footnotes":""},"categories":[18],"tags":[245],"class_list":["post-17301","post","type-post","status-publish","format-standard","has-post-thumbnail","hentry","category-krimi-thriller","tag-vince-flynn"],"_links":{"self":[{"href":"https:\/\/www.buecherserien.de\/de\/wp-json\/wp\/v2\/posts\/17301","targetHints":{"allow":["GET"]}}],"collection":[{"href":"https:\/\/www.buecherserien.de\/de\/wp-json\/wp\/v2\/posts"}],"about":[{"href":"https:\/\/www.buecherserien.de\/de\/wp-json\/wp\/v2\/types\/post"}],"author":[{"embeddable":true,"href":"https:\/\/www.buecherserien.de\/de\/wp-json\/wp\/v2\/users\/2"}],"replies":[{"embeddable":true,"href":"https:\/\/www.buecherserien.de\/de\/wp-json\/wp\/v2\/comments?post=17301"}],"version-history":[{"count":0,"href":"https:\/\/www.buecherserien.de\/de\/wp-json\/wp\/v2\/posts\/17301\/revisions"}],"wp:featuredmedia":[{"embeddable":true,"href":"https:\/\/www.buecherserien.de\/de\/wp-json\/wp\/v2\/media\/17302"}],"wp:attachment":[{"href":"https:\/\/www.buecherserien.de\/de\/wp-json\/wp\/v2\/media?parent=17301"}],"wp:term":[{"taxonomy":"category","embeddable":true,"href":"https:\/\/www.buecherserien.de\/de\/wp-json\/wp\/v2\/categories?post=17301"},{"taxonomy":"post_tag","embeddable":true,"href":"https:\/\/www.buecherserien.de\/de\/wp-json\/wp\/v2\/tags?post=17301"}],"curies":[{"name":"wp","href":"https:\/\/api.w.org\/{rel}","templated":true}]}}