{"id":17016,"date":"2022-03-07T10:18:21","date_gmt":"2022-03-07T09:18:21","guid":{"rendered":"https:\/\/www.buecherserien.de\/de\/?p=17016"},"modified":"2022-03-07T10:18:21","modified_gmt":"2022-03-07T09:18:21","slug":"stefan-b-meyer-strassenkoeter","status":"publish","type":"post","link":"https:\/\/www.buecherserien.de\/de\/stefan-b-meyer-strassenkoeter\/","title":{"rendered":"Stefan B. Meyer: Stra\u00dfenk\u00f6ter"},"content":{"rendered":"<div id=\"buv\">\n<p>Der Krimi &#8222;Stra\u00dfenk\u00f6ter&#8220; ist das 3. Buch der Mordkommission Leipzig-Reihe (Staffel 1) von dem deutschen Autor Stefan B. Meyer<\/a>.<\/p>\n<ul>\n<li>Titel bestellen bei:<\/li>\n<li class=\"buv_am\"><a title=\"Amazon.de\" href=\"https:\/\/www.amazon.de\/dp\/B07C7FXHSN\/ref=nosim?tag=buecherserien-21\">Amazon<\/a><\/li>\n<\/ul>\n<ol>\n<li><strong>Infos \u00fcber das Buch:<\/strong><\/li>\n<li><strong>Serie:<\/strong> Mordkommission Leipzig 1\/3<\/li>\n<li><strong>Verlag:<\/strong> Independently published<\/li>\n<li><strong>Seiten:<\/strong> 162<\/li>\n<li><strong>Ver\u00f6ffentlichung:<\/strong> 18.4.2018<\/li>\n<li><strong>Formate:<\/strong> Buch, eBook<\/li>\n<li><strong>Buch-ISBN:<\/strong>\u200e\u200e 9781980850755<\/li>\n<\/ol>\n<div class=\"clearfix\"><\/div>\n<div class=\"buech-content-tipps\" id=\"buech-162511036\"><p>Oder gebraucht suchen bei <a href=\"https:\/\/www.awin1.com\/awclick.php?gid=362166&mid=11364&awinaffid=644643&linkid=2376078&clickref=\">Medimops<\/a>.<\/p><\/div><h2>Inhaltsangabe von &#8222;Stra\u00dfenk\u00f6ter&#8220;:<\/h2>\n<p><img loading=\"lazy\" decoding=\"async\" src=\"https:\/\/www.buecherserien.de\/de\/wp-content\/uploads\/stefan-b-meyer-mordkommission-leipzig-3.jpg\" alt=\"Stra\u00dfenk\u00f6ter von Stefan B. Meyer\" width=\"250\" height=\"400\" \/>Wenn dein einziger Freund kaltbl\u00fctig ermordet wird, treibt dich der Wunsch nach Rache zur\u00fcck auf die Stra\u00dfe.<\/p>\n<p>Der 16-j\u00e4hrige Marvin und sein Freund Omar sind Schulabbrecher und bestreiten ihren Lebensunterhalt mit Einbr\u00fcchen und Raub\u00fcberf\u00e4llen. Obwohl ihre Taten aktenkundig sind, schaffen sie es immer wieder, der Polizei durch die Lappen zu gehen. Doch als Omar erschossen und ein gemeinsamer Bekannter brutal erschlagen in seiner Wohnung gefunden wird, ger\u00e4t Marvin ins Visier der Mordkommission und muss untertauchen.<br \/>\nW\u00e4hrend die Kollegen unter Hochdruck Daten und Befragungen auswerten, schnappt sich Moko-Chef Frank Starke seinen alten Kumpel Henner Baumann und gemeinsam tun sie das, was sie in fr\u00fcheren Zeiten ausgezeichnet hat: durch die Stra\u00dfen fahren und ihrem Instinkt folgen. Und tats\u00e4chlich \u2013 als Marvin aus seiner Deckung auftaucht, nehmen sie seine Spur auf. Was sie allerdings nicht wissen: Marvin hat einen schmutzigen Plan.<\/p>\n<div class=\"clearfix\"><\/div>\n<p id=\"buv_back_single\"><a href=\"https:\/\/www.buecherserien.de\/marcus-huennebeck\/\">Zur\u00fcck zur Autorenseite<\/a><\/p>\n<\/div>","protected":false},"excerpt":{"rendered":"<p>Der Krimi &#8222;Stra\u00dfenk\u00f6ter&#8220; ist das 3. Buch der Mordkommission Leipzig-Reihe (Staffel 1) von dem deutschen Autor Stefan B. Meyer. Titel bestellen bei: Amazon Infos \u00fcber das Buch: Serie: Mordkommission Leipzig 1\/3 Verlag: Independently published Seiten: 162 Ver\u00f6ffentlichung: 18.4.2018 Formate: Buch, eBook Buch-ISBN:\u200e\u200e 9781980850755 Inhaltsangabe von &#8222;Stra\u00dfenk\u00f6ter&#8220;: Wenn dein einziger Freund kaltbl\u00fctig ermordet wird, treibt dich [&hellip;]<\/p>\n","protected":false},"author":2,"featured_media":17017,"comment_status":"open","ping_status":"closed","sticky":false,"template":"","format":"standard","meta":{"_et_pb_use_builder":"","_et_pb_old_content":"","_et_gb_content_width":"","footnotes":""},"categories":[18],"tags":[370],"class_list":["post-17016","post","type-post","status-publish","format-standard","has-post-thumbnail","hentry","category-krimi-thriller","tag-stefan-b-meyer"],"_links":{"self":[{"href":"https:\/\/www.buecherserien.de\/de\/wp-json\/wp\/v2\/posts\/17016","targetHints":{"allow":["GET"]}}],"collection":[{"href":"https:\/\/www.buecherserien.de\/de\/wp-json\/wp\/v2\/posts"}],"about":[{"href":"https:\/\/www.buecherserien.de\/de\/wp-json\/wp\/v2\/types\/post"}],"author":[{"embeddable":true,"href":"https:\/\/www.buecherserien.de\/de\/wp-json\/wp\/v2\/users\/2"}],"replies":[{"embeddable":true,"href":"https:\/\/www.buecherserien.de\/de\/wp-json\/wp\/v2\/comments?post=17016"}],"version-history":[{"count":0,"href":"https:\/\/www.buecherserien.de\/de\/wp-json\/wp\/v2\/posts\/17016\/revisions"}],"wp:featuredmedia":[{"embeddable":true,"href":"https:\/\/www.buecherserien.de\/de\/wp-json\/wp\/v2\/media\/17017"}],"wp:attachment":[{"href":"https:\/\/www.buecherserien.de\/de\/wp-json\/wp\/v2\/media?parent=17016"}],"wp:term":[{"taxonomy":"category","embeddable":true,"href":"https:\/\/www.buecherserien.de\/de\/wp-json\/wp\/v2\/categories?post=17016"},{"taxonomy":"post_tag","embeddable":true,"href":"https:\/\/www.buecherserien.de\/de\/wp-json\/wp\/v2\/tags?post=17016"}],"curies":[{"name":"wp","href":"https:\/\/api.w.org\/{rel}","templated":true}]}}