{"id":16849,"date":"2022-02-27T10:14:55","date_gmt":"2022-02-27T09:14:55","guid":{"rendered":"https:\/\/www.buecherserien.de\/de\/?p=16849"},"modified":"2022-02-27T10:15:16","modified_gmt":"2022-02-27T09:15:16","slug":"marcus-huennebeck-die-jagd-beginnt","status":"publish","type":"post","link":"https:\/\/www.buecherserien.de\/de\/marcus-huennebeck-die-jagd-beginnt\/","title":{"rendered":"Marcus H\u00fcnnebeck: Die Namen des Todes &#8211; Die Jagd beginnt"},"content":{"rendered":"<div id=\"buv\">\n<p>Der Thriller &#8222;Die Jagd beginnt&#8220; ist eine Kurzgeschichte zur Robert Drosten &#038; Lukas Sommer-Reihe von dem deutschen Autor <a title=\"B\u00fccher von Marcus H\u00fcnnebeck\" href=\"https:\/\/www.buecherserien.de\/marcus-huennebeck\/\">Marcus H\u00fcnnebeck<\/a>.<\/p>\n<ul>\n<li>Titel bestellen bei:<\/li>\n<li class=\"buv_am\"><a title=\"Amazon.de\" href=\"https:\/\/www.amazon.de\/dp\/B01MTSTNMG\/ref=nosim?tag=buecherserien-21\">Amazon<\/a><\/li>\n<\/ul>\n<ol>\n<li><strong>Infos \u00fcber das Buch:<\/strong><\/li>\n<li><strong>Serie:<\/strong> Drosten &#038; Sommer<\/li>\n<li><strong>Verlag:<\/strong> Independently published<\/li>\n<li><strong>Seiten:<\/strong> 71<\/li>\n<li><strong>Ver\u00f6ffentlichung:<\/strong> 8.1.2017<\/li>\n<li><strong>Formate:<\/strong> Buch, eBook<\/li>\n<li><strong>Buch-ISBN:<\/strong>\u200e\u200e 9781520340142<\/li>\n<\/ol>\n<div class=\"clearfix\"><\/div>\n<div class=\"buech-content-tipps\" id=\"buech-2808515407\"><p>Oder gebraucht suchen bei <a href=\"https:\/\/www.awin1.com\/awclick.php?gid=362166&mid=11364&awinaffid=644643&linkid=2376078&clickref=\">Medimops<\/a>.<\/p><\/div><h2>Inhaltsangabe von &#8222;Die Jagd beginnt&#8220;:<\/h2>\n<p><img loading=\"lazy\" decoding=\"async\" src=\"https:\/\/www.buecherserien.de\/de\/wp-content\/uploads\/marcus-huennebeck-drosten-sommer-kg01.jpg\" alt=\"Die Jagd beginnt von Marcus H\u00fcnnebeck\" width=\"250\" height=\"400\" \/>Das BKA bekommt von einem Hacker brisante Informationen zugespielt: Internetpseudonyme, Bildmaterial und Chatnachrichten, die eine Gruppe von M\u00f6rdern im Darknet austauschen. Rasch wird eine Sonderkommission unter Leitung des erfahrenen Hauptkommissars Robert Drosten gebildet. Das Team versucht, die T\u00e4ter zu identifizieren, um sie still und heimlich aus dem Verkehr zu ziehen, ohne dass die anderen Killer davon Wind bekommen und untertauchen. Doch ehe Drosten die ersten Verhaftungen vornehmen kann, setzt ihn ein angek\u00fcndigter Doppelmord unter Druck.<\/p>\n<div class=\"clearfix\"><\/div>\n<p id=\"buv_back_single\"><a href=\"https:\/\/www.buecherserien.de\/marcus-huennebeck\/\">Zur\u00fcck zur Autorenseite<\/a><\/p>\n<\/div>","protected":false},"excerpt":{"rendered":"<p>Der Thriller &#8222;Die Jagd beginnt&#8220; ist eine Kurzgeschichte zur Robert Drosten &#038; Lukas Sommer-Reihe von dem deutschen Autor Marcus H\u00fcnnebeck. Titel bestellen bei: Amazon Infos \u00fcber das Buch: Serie: Drosten &#038; Sommer Verlag: Independently published Seiten: 71 Ver\u00f6ffentlichung: 8.1.2017 Formate: Buch, eBook Buch-ISBN:\u200e\u200e 9781520340142 Inhaltsangabe von &#8222;Die Jagd beginnt&#8220;: Das BKA bekommt von einem Hacker [&hellip;]<\/p>\n","protected":false},"author":2,"featured_media":16847,"comment_status":"open","ping_status":"closed","sticky":false,"template":"","format":"standard","meta":{"_et_pb_use_builder":"","_et_pb_old_content":"","_et_gb_content_width":"","footnotes":""},"categories":[18],"tags":[292],"class_list":["post-16849","post","type-post","status-publish","format-standard","has-post-thumbnail","hentry","category-krimi-thriller","tag-marcus-huennebeck"],"_links":{"self":[{"href":"https:\/\/www.buecherserien.de\/de\/wp-json\/wp\/v2\/posts\/16849","targetHints":{"allow":["GET"]}}],"collection":[{"href":"https:\/\/www.buecherserien.de\/de\/wp-json\/wp\/v2\/posts"}],"about":[{"href":"https:\/\/www.buecherserien.de\/de\/wp-json\/wp\/v2\/types\/post"}],"author":[{"embeddable":true,"href":"https:\/\/www.buecherserien.de\/de\/wp-json\/wp\/v2\/users\/2"}],"replies":[{"embeddable":true,"href":"https:\/\/www.buecherserien.de\/de\/wp-json\/wp\/v2\/comments?post=16849"}],"version-history":[{"count":0,"href":"https:\/\/www.buecherserien.de\/de\/wp-json\/wp\/v2\/posts\/16849\/revisions"}],"wp:featuredmedia":[{"embeddable":true,"href":"https:\/\/www.buecherserien.de\/de\/wp-json\/wp\/v2\/media\/16847"}],"wp:attachment":[{"href":"https:\/\/www.buecherserien.de\/de\/wp-json\/wp\/v2\/media?parent=16849"}],"wp:term":[{"taxonomy":"category","embeddable":true,"href":"https:\/\/www.buecherserien.de\/de\/wp-json\/wp\/v2\/categories?post=16849"},{"taxonomy":"post_tag","embeddable":true,"href":"https:\/\/www.buecherserien.de\/de\/wp-json\/wp\/v2\/tags?post=16849"}],"curies":[{"name":"wp","href":"https:\/\/api.w.org\/{rel}","templated":true}]}}