{"id":16324,"date":"2022-01-24T09:38:23","date_gmt":"2022-01-24T08:38:23","guid":{"rendered":"https:\/\/www.buecherserien.de\/de\/?p=16324"},"modified":"2022-01-24T09:38:23","modified_gmt":"2022-01-24T08:38:23","slug":"mike-nicol-die-feuer-der-macht","status":"publish","type":"post","link":"https:\/\/www.buecherserien.de\/de\/mike-nicol-die-feuer-der-macht\/","title":{"rendered":"Mike Nicol: Die Feuer der Macht"},"content":{"rendered":"<div id=\"buv\">\n<p>Das Buch &#8222;Die Feuer der Macht&#8220; ist ein Roman von dem s\u00fcdafrikanischen Autor <a title=\"B\u00fccher von Mike Nicol\" href=\"https:\/\/www.buecherserien.de\/mike-nicol\/\">Mike Nicol<\/a>.<\/p>\n<ul>\n<li>Titel bestellen bei:<\/li>\n<li class=\"buv_am\"><a title=\"Amazon.de\" href=\"https:\/\/www.amazon.de\/dp\/B0026L9SWM\/ref=nosim?tag=buecherserien-21\">Amazon<\/a><\/li>\n<\/ul>\n<ol>\n<li><strong>Infos \u00fcber das Buch:<\/strong><\/li>\n<li><strong>Serie:<\/strong> Keine<\/li>\n<li><strong>Verlag:<\/strong> Rowohlt<\/li>\n<li><strong>Seiten:<\/strong> 288<\/li>\n<li><strong>Ver\u00f6ffentlichung:<\/strong> 1.1.1989<\/li>\n<li><strong>Formate:<\/strong> Buch<\/li>\n<li><strong>Buch-ISBN:<\/strong>\u200e\u200e 9783499130632<\/li>\n<\/ol>\n<div class=\"clearfix\"><\/div>\n<div class=\"buech-content-tipps\" id=\"buech-1061768510\"><p>Oder gebraucht suchen bei <a href=\"https:\/\/www.awin1.com\/awclick.php?gid=362166&mid=11364&awinaffid=644643&linkid=2376078&clickref=\">Medimops<\/a>.<\/p><\/div><h2>Inhaltsangabe von &#8222;Die Feuer der Macht&#8220;:<\/h2>\n<p><img loading=\"lazy\" decoding=\"async\" src=\"https:\/\/www.buecherserien.de\/de\/wp-content\/uploads\/no-cover.png\" alt=\"Die Feuer der Macht von Mike Nicol\" width=\"250\" height=\"400\" \/>Ein Dorf im S\u00fcden Afrikas. Eines Tages trifft der Hauptmann Sylvester Nunes mit seiner Tochter Frieda ein. Dass an eben diesem Tag alle Ziegen ausbrechen und die Felder und G\u00e4rten verw\u00fcsten, erf\u00fcllt die Seherin Ninnaar mit b\u00f6sen Ahnungen. Der Polizist Nunes ist besessen von dem Gedanken,das Geheimnis des Dorfes zu ergr\u00fcnden.<\/p>\n<div class=\"clearfix\"><\/div>\n<p id=\"buv_back_single\"><a href=\"https:\/\/www.buecherserien.de\/mike-nicol\/\">Zur\u00fcck zur Autorenseite<\/a><\/p>\n<\/div>","protected":false},"excerpt":{"rendered":"<p>Das Buch &#8222;Die Feuer der Macht&#8220; ist ein Roman von dem s\u00fcdafrikanischen Autor Mike Nicol. Titel bestellen bei: Amazon Infos \u00fcber das Buch: Serie: Keine Verlag: Rowohlt Seiten: 288 Ver\u00f6ffentlichung: 1.1.1989 Formate: Buch Buch-ISBN:\u200e\u200e 9783499130632 Inhaltsangabe von &#8222;Die Feuer der Macht&#8220;: Ein Dorf im S\u00fcden Afrikas. Eines Tages trifft der Hauptmann Sylvester Nunes mit seiner [&hellip;]<\/p>\n","protected":false},"author":2,"featured_media":0,"comment_status":"open","ping_status":"closed","sticky":false,"template":"","format":"standard","meta":{"_et_pb_use_builder":"","_et_pb_old_content":"","_et_gb_content_width":"","footnotes":""},"categories":[18],"tags":[202],"class_list":["post-16324","post","type-post","status-publish","format-standard","hentry","category-krimi-thriller","tag-mike-nicol"],"_links":{"self":[{"href":"https:\/\/www.buecherserien.de\/de\/wp-json\/wp\/v2\/posts\/16324","targetHints":{"allow":["GET"]}}],"collection":[{"href":"https:\/\/www.buecherserien.de\/de\/wp-json\/wp\/v2\/posts"}],"about":[{"href":"https:\/\/www.buecherserien.de\/de\/wp-json\/wp\/v2\/types\/post"}],"author":[{"embeddable":true,"href":"https:\/\/www.buecherserien.de\/de\/wp-json\/wp\/v2\/users\/2"}],"replies":[{"embeddable":true,"href":"https:\/\/www.buecherserien.de\/de\/wp-json\/wp\/v2\/comments?post=16324"}],"version-history":[{"count":0,"href":"https:\/\/www.buecherserien.de\/de\/wp-json\/wp\/v2\/posts\/16324\/revisions"}],"wp:attachment":[{"href":"https:\/\/www.buecherserien.de\/de\/wp-json\/wp\/v2\/media?parent=16324"}],"wp:term":[{"taxonomy":"category","embeddable":true,"href":"https:\/\/www.buecherserien.de\/de\/wp-json\/wp\/v2\/categories?post=16324"},{"taxonomy":"post_tag","embeddable":true,"href":"https:\/\/www.buecherserien.de\/de\/wp-json\/wp\/v2\/tags?post=16324"}],"curies":[{"name":"wp","href":"https:\/\/api.w.org\/{rel}","templated":true}]}}